{"id":55563,"date":"2019-06-13T12:00:26","date_gmt":"2019-06-13T10:00:26","guid":{"rendered":"https:\/\/prizrenpost.com\/al\/?p=55563"},"modified":"2019-06-13T12:00:26","modified_gmt":"2019-06-13T10:00:26","slug":"e-gezofshim-lirine-tani-po-punojme-per-anetaresim-ne-nato-dhe-be","status":"publish","type":"post","link":"https:\/\/prizrenpost.com\/al\/e-gezofshim-lirine-tani-po-punojme-per-anetaresim-ne-nato-dhe-be\/","title":{"rendered":"E g\u00ebzofshim lirin\u00eb \u2013 tani po punojm\u00eb p\u00ebr an\u00ebtar\u00ebsim n\u00eb NATO dhe BE"},"content":{"rendered":"<p><img decoding=\"async\" src=\"https:\/\/prizrenpost.com\/al\/wp-content\/uploads\/2019\/06\/thaci-fsk.jpg\" alt=\"\" width=\"100%\" height=\"\" class=\"alignleft size-full wp-image-55564\" srcset=\"https:\/\/prizrenpost.com\/al\/wp-content\/uploads\/2019\/06\/thaci-fsk.jpg 768w, https:\/\/prizrenpost.com\/al\/wp-content\/uploads\/2019\/06\/thaci-fsk-300x168.jpg 300w\" sizes=\"(max-width: 768px) 100vw, 768px\" \/><\/p>\n<p><strong>PRISHTIN\u00cb &#8211; Presidenti i Kosov\u00ebs, Hashim Tha\u00e7i, n\u00eb parakalimin e ushtar\u00ebve t\u00eb FSK-s\u00eb n\u00eb 20 vjetorin e \u00e7lirimit ka th\u00ebn\u00eb se vendi k\u00ebto dit\u00eb po sh\u00ebnon nj\u00eb moment historik.<\/strong><\/p>\n<p>\u201cK\u00ebto dit\u00eb po sh\u00ebnojm\u00eb 20 vjetorin e liris\u00eb. Sot kujtojm\u00eb t\u00eb gjith\u00eb d\u00ebshmor\u00ebt e liris\u00eb, luft\u00ebtar\u00ebt trima t\u00eb U\u00c7K-s\u00eb, kujtojm\u00eb me nderime dhe respekt komandantin legjendar, Adem Jashari dhe sakrific\u00ebn e \u00e7do qytetari t\u00eb Kosov\u00ebs q\u00eb kudo q\u00eb jetonin ishin shnd\u00ebrruar n\u00eb \u00e7lirimtar\u00eb t\u00eb Kosov\u00ebs\u201d.<\/p>\n<p>\u201c20 vjet\u00ebt e liris\u00eb dhe paqes sh\u00ebnojn\u00eb kthimin e nj\u00eb milion qytetar\u00ebve t\u00eb Kosov\u00ebs n\u00eb sht\u00ebpit\u00eb e tyre.  T\u00eb nderuar ushtar\u00eb, nga aspirata dhe angazhimi i popullit p\u00ebr liri keni lindur edhe ju\u201d, iu ka drejtuar Tha\u00e7i ushtar\u00ebve t\u00eb FSK-s\u00eb, si komandat suprem i ushtris\u00eb.<\/p>\n<p>N\u00eb fjalimin e tij p\u00ebrve\u00e7 s\u00eb kaluar\u00ebs, Presidenti ka folur edhe p\u00ebr t\u00eb ardhmen dhe aspiratat e vendit.<\/p>\n<p>\u201cKemi arritur shum\u00eb n\u00eb k\u00ebto 20 vjet dhe kemi pasur sfida jo t\u00eb lehta. Kemi nd\u00ebrtuar institucione dhe kemi rind\u00ebrtuar shoq\u00ebrin\u00eb. Kemi konfirmuar aspirat\u00ebn ton\u00eb t\u00eb re, pas realizmit t\u00eb aspirat\u00ebs p\u00ebr liri dhe shtet sovran. Tani po punojm\u00eb p\u00ebr an\u00ebtar\u00ebsim n\u00eb NATO dhe BE. Rruga jon\u00eb nuk do t\u00eb jet\u00eb e leht\u00eb por \u00ebsht\u00eb e sigurt\u201d.<\/p>\n","protected":false},"excerpt":{"rendered":"<p>PRISHTIN\u00cb &#8211; Presidenti i Kosov\u00ebs, Hashim Tha\u00e7i, n\u00eb parakalimin e ushtar\u00ebve t\u00eb FSK-s\u00eb n\u00eb 20 vjetorin e \u00e7lirimit ka th\u00ebn\u00eb se vendi k\u00ebto dit\u00eb po sh\u00ebnon nj\u00eb moment historik. \u201cK\u00ebto dit\u00eb po sh\u00ebnojm\u00eb 20 vjetorin e liris\u00eb. Sot kujtojm\u00eb t\u00eb gjith\u00eb d\u00ebshmor\u00ebt e liris\u00eb, luft\u00ebtar\u00ebt trima t\u00eb U\u00c7K-s\u00eb, kujtojm\u00eb me nderime dhe respekt komandantin legjendar, [&hellip;]<\/p>\n","protected":false},"author":1,"featured_media":55564,"comment_status":"open","ping_status":"open","sticky":false,"template":"","format":"standard","meta":{"footnotes":""},"categories":[1],"tags":[1057,862,48,1051,1444,1183],"class_list":["post-55563","post","type-post","status-publish","format-standard","has-post-thumbnail","hentry","category-lajme","tag-bashkimi-europian","tag-hashim-thaci","tag-kosove","tag-nato","tag-presidenti","tag-ushtria"],"_links":{"self":[{"href":"https:\/\/prizrenpost.com\/al\/wp-json\/wp\/v2\/posts\/55563","targetHints":{"allow":["GET"]}}],"collection":[{"href":"https:\/\/prizrenpost.com\/al\/wp-json\/wp\/v2\/posts"}],"about":[{"href":"https:\/\/prizrenpost.com\/al\/wp-json\/wp\/v2\/types\/post"}],"author":[{"embeddable":true,"href":"https:\/\/prizrenpost.com\/al\/wp-json\/wp\/v2\/users\/1"}],"replies":[{"embeddable":true,"href":"https:\/\/prizrenpost.com\/al\/wp-json\/wp\/v2\/comments?post=55563"}],"version-history":[{"count":0,"href":"https:\/\/prizrenpost.com\/al\/wp-json\/wp\/v2\/posts\/55563\/revisions"}],"wp:featuredmedia":[{"embeddable":true,"href":"https:\/\/prizrenpost.com\/al\/wp-json\/wp\/v2\/media\/55564"}],"wp:attachment":[{"href":"https:\/\/prizrenpost.com\/al\/wp-json\/wp\/v2\/media?parent=55563"}],"wp:term":[{"taxonomy":"category","embeddable":true,"href":"https:\/\/prizrenpost.com\/al\/wp-json\/wp\/v2\/categories?post=55563"},{"taxonomy":"post_tag","embeddable":true,"href":"https:\/\/prizrenpost.com\/al\/wp-json\/wp\/v2\/tags?post=55563"}],"curies":[{"name":"wp","href":"https:\/\/api.w.org\/{rel}","templated":true}]}}