{"id":55607,"date":"2019-06-18T12:00:31","date_gmt":"2019-06-18T10:00:31","guid":{"rendered":"https:\/\/prizrenpost.com\/al\/?p=55607"},"modified":"2019-06-18T12:00:31","modified_gmt":"2019-06-18T10:00:31","slug":"ish-presidenti-i-uefa-s-michel-platini-arrestoht-ne-france","status":"publish","type":"post","link":"https:\/\/prizrenpost.com\/al\/ish-presidenti-i-uefa-s-michel-platini-arrestoht-ne-france\/","title":{"rendered":"Ish-presidenti i UEFA-s, Michel Platini arrestoht n\u00eb Franc\u00eb"},"content":{"rendered":"<p><img decoding=\"async\" src=\"https:\/\/prizrenpost.com\/al\/wp-content\/uploads\/2019\/06\/platini.jpg\" alt=\"\" width=\"100%\" height=\"\" class=\"alignleft size-full wp-image-55608\" srcset=\"https:\/\/prizrenpost.com\/al\/wp-content\/uploads\/2019\/06\/platini.jpg 864w, https:\/\/prizrenpost.com\/al\/wp-content\/uploads\/2019\/06\/platini-300x169.jpg 300w, https:\/\/prizrenpost.com\/al\/wp-content\/uploads\/2019\/06\/platini-768x432.jpg 768w\" sizes=\"(max-width: 864px) 100vw, 864px\" \/><\/p>\n<p><strong>PARIS &#8211; Ish-presidenti i UEFA-s Michel Platini sot \u00ebsht\u00eb arrestuar nga autoritetet franceze n\u00eb nj\u00eb hetim n\u00eb lidhje me zgjedhjen e Katarit p\u00ebr t\u00eb organizuar Bot\u00ebrorin 2022.<\/strong><\/p>\n<p>Sipas nj\u00eb raporti t\u00eb faqes franceze t\u00eb hetimeve Mediapart, Platini \u00ebsht\u00eb marr\u00eb n\u00eb paraburgim dhe d\u00ebrguar n\u00eb ambientet e Zyr\u00ebs p\u00ebr Anti-Korrupsion t\u00eb Policis\u00eb Gjyq\u00ebsore (OCLCIFF), njoftuan mediat franceze. <\/p>\n<p>Platini, i cili \u00ebsht\u00eb nj\u00eb legjend\u00eb e futbollit francez, ka ushtruar detyr\u00ebn e presidentit t\u00eb UEFA-s nga 2007 deri n\u00eb vitin 2015, derisa u ndalua nga Komiteti Etik i FIFA-s n\u00eb lidhje me nj\u00eb hetim korrupsioni p\u00ebr shkak t\u00eb dh\u00ebnies s\u00eb vendimit p\u00ebr organizimin e Bot\u00ebrorit 2022, transmeton Anadolu Agency.<\/p>\n<p>Katari u njoftua n\u00eb dhjetor t\u00eb vitit 2010 si nikoqir i ngjarjes m\u00eb t\u00eb madhe t\u00eb futbollit n\u00eb vitin 2022.<\/p>\n","protected":false},"excerpt":{"rendered":"<p>PARIS &#8211; Ish-presidenti i UEFA-s Michel Platini sot \u00ebsht\u00eb arrestuar nga autoritetet franceze n\u00eb nj\u00eb hetim n\u00eb lidhje me zgjedhjen e Katarit p\u00ebr t\u00eb organizuar Bot\u00ebrorin 2022. Sipas nj\u00eb raporti t\u00eb faqes franceze t\u00eb hetimeve Mediapart, Platini \u00ebsht\u00eb marr\u00eb n\u00eb paraburgim dhe d\u00ebrguar n\u00eb ambientet e Zyr\u00ebs p\u00ebr Anti-Korrupsion t\u00eb Policis\u00eb Gjyq\u00ebsore (OCLCIFF), njoftuan mediat [&hellip;]<\/p>\n","protected":false},"author":1,"featured_media":55608,"comment_status":"open","ping_status":"open","sticky":false,"template":"","format":"standard","meta":{"footnotes":""},"categories":[7],"tags":[1377,5375,4951,1491],"class_list":["post-55607","post","type-post","status-publish","format-standard","has-post-thumbnail","hentry","category-sport","tag-france","tag-katar-2022","tag-michel-platini","tag-uefa"],"_links":{"self":[{"href":"https:\/\/prizrenpost.com\/al\/wp-json\/wp\/v2\/posts\/55607","targetHints":{"allow":["GET"]}}],"collection":[{"href":"https:\/\/prizrenpost.com\/al\/wp-json\/wp\/v2\/posts"}],"about":[{"href":"https:\/\/prizrenpost.com\/al\/wp-json\/wp\/v2\/types\/post"}],"author":[{"embeddable":true,"href":"https:\/\/prizrenpost.com\/al\/wp-json\/wp\/v2\/users\/1"}],"replies":[{"embeddable":true,"href":"https:\/\/prizrenpost.com\/al\/wp-json\/wp\/v2\/comments?post=55607"}],"version-history":[{"count":0,"href":"https:\/\/prizrenpost.com\/al\/wp-json\/wp\/v2\/posts\/55607\/revisions"}],"wp:featuredmedia":[{"embeddable":true,"href":"https:\/\/prizrenpost.com\/al\/wp-json\/wp\/v2\/media\/55608"}],"wp:attachment":[{"href":"https:\/\/prizrenpost.com\/al\/wp-json\/wp\/v2\/media?parent=55607"}],"wp:term":[{"taxonomy":"category","embeddable":true,"href":"https:\/\/prizrenpost.com\/al\/wp-json\/wp\/v2\/categories?post=55607"},{"taxonomy":"post_tag","embeddable":true,"href":"https:\/\/prizrenpost.com\/al\/wp-json\/wp\/v2\/tags?post=55607"}],"curies":[{"name":"wp","href":"https:\/\/api.w.org\/{rel}","templated":true}]}}