{"id":55651,"date":"2019-06-22T15:15:04","date_gmt":"2019-06-22T13:15:04","guid":{"rendered":"https:\/\/prizrenpost.com\/al\/?p=55651"},"modified":"2019-06-22T15:15:04","modified_gmt":"2019-06-22T13:15:04","slug":"kelmendi-kualifikohet-ne-finale-te-lojerave-europiane-minsk-2019","status":"publish","type":"post","link":"https:\/\/prizrenpost.com\/al\/kelmendi-kualifikohet-ne-finale-te-lojerave-europiane-minsk-2019\/","title":{"rendered":"Kelmendi kualifikohet n\u00eb finale t\u00eb Loj\u00ebrave Europiane \u201cMinsk 2019\u201d"},"content":{"rendered":"<p><img decoding=\"async\" src=\"https:\/\/prizrenpost.com\/al\/wp-content\/uploads\/2019\/06\/kelmendi.jpg\" alt=\"\" width=\"100%\" height=\"\" class=\"alignleft size-full wp-image-55652\" srcset=\"https:\/\/prizrenpost.com\/al\/wp-content\/uploads\/2019\/06\/kelmendi.jpg 2048w, https:\/\/prizrenpost.com\/al\/wp-content\/uploads\/2019\/06\/kelmendi-300x200.jpg 300w, https:\/\/prizrenpost.com\/al\/wp-content\/uploads\/2019\/06\/kelmendi-768x512.jpg 768w, https:\/\/prizrenpost.com\/al\/wp-content\/uploads\/2019\/06\/kelmendi-1024x683.jpg 1024w\" sizes=\"(max-width: 2048px) 100vw, 2048px\" \/><\/p>\n<p><strong>Majlinda Kelmendi ka sh\u00ebnuar nj\u00eb tjet\u00ebr fitore, k\u00ebt\u00eb her\u00eb n\u00eb gjysm\u00ebfinale t\u00eb Loj\u00ebrave Evropiane Minsk 2019.<\/strong><\/p>\n<p>Kampionia olimpike, Majlinda Kelmendi, ka arritur q\u00eb t\u00eb kualifikohet n\u00eb finale t\u00eb Loj\u00ebrave Europiane \u201cMinsk 2019\u201d.<\/p>\n<p>Xhudistja jon\u00eb mposhti n\u00eb gjysm\u00ebfinale me Ippon francezen, Amandine Buchard.<\/p>\n<p>I urojm\u00eb suksese n\u00eb finale kampiones ton\u00eb Olimpike.<\/p>\n","protected":false},"excerpt":{"rendered":"<p>Majlinda Kelmendi ka sh\u00ebnuar nj\u00eb tjet\u00ebr fitore, k\u00ebt\u00eb her\u00eb n\u00eb gjysm\u00ebfinale t\u00eb Loj\u00ebrave Evropiane Minsk 2019. Kampionia olimpike, Majlinda Kelmendi, ka arritur q\u00eb t\u00eb kualifikohet n\u00eb finale t\u00eb Loj\u00ebrave Europiane \u201cMinsk 2019\u201d. Xhudistja jon\u00eb mposhti n\u00eb gjysm\u00ebfinale me Ippon francezen, Amandine Buchard. I urojm\u00eb suksese n\u00eb finale kampiones ton\u00eb Olimpike.<\/p>\n","protected":false},"author":1,"featured_media":55652,"comment_status":"open","ping_status":"open","sticky":false,"template":"","format":"standard","meta":{"footnotes":""},"categories":[7],"tags":[5380,927,928],"class_list":["post-55651","post","type-post","status-publish","format-standard","has-post-thumbnail","hentry","category-sport","tag-lojerat-europiane-minsk-2019","tag-majlinda-kelmendi","tag-xhudo"],"_links":{"self":[{"href":"https:\/\/prizrenpost.com\/al\/wp-json\/wp\/v2\/posts\/55651","targetHints":{"allow":["GET"]}}],"collection":[{"href":"https:\/\/prizrenpost.com\/al\/wp-json\/wp\/v2\/posts"}],"about":[{"href":"https:\/\/prizrenpost.com\/al\/wp-json\/wp\/v2\/types\/post"}],"author":[{"embeddable":true,"href":"https:\/\/prizrenpost.com\/al\/wp-json\/wp\/v2\/users\/1"}],"replies":[{"embeddable":true,"href":"https:\/\/prizrenpost.com\/al\/wp-json\/wp\/v2\/comments?post=55651"}],"version-history":[{"count":0,"href":"https:\/\/prizrenpost.com\/al\/wp-json\/wp\/v2\/posts\/55651\/revisions"}],"wp:featuredmedia":[{"embeddable":true,"href":"https:\/\/prizrenpost.com\/al\/wp-json\/wp\/v2\/media\/55652"}],"wp:attachment":[{"href":"https:\/\/prizrenpost.com\/al\/wp-json\/wp\/v2\/media?parent=55651"}],"wp:term":[{"taxonomy":"category","embeddable":true,"href":"https:\/\/prizrenpost.com\/al\/wp-json\/wp\/v2\/categories?post=55651"},{"taxonomy":"post_tag","embeddable":true,"href":"https:\/\/prizrenpost.com\/al\/wp-json\/wp\/v2\/tags?post=55651"}],"curies":[{"name":"wp","href":"https:\/\/api.w.org\/{rel}","templated":true}]}}