{"id":55660,"date":"2019-06-22T15:35:54","date_gmt":"2019-06-22T13:35:54","guid":{"rendered":"https:\/\/prizrenpost.com\/al\/?p=55660"},"modified":"2019-06-22T15:35:54","modified_gmt":"2019-06-22T13:35:54","slug":"kriza-nuk-pengon-kosovaret-cdo-fundjave-rradhe-te-gjata-qe-nisen-drejt-bregdetit","status":"publish","type":"post","link":"https:\/\/prizrenpost.com\/al\/kriza-nuk-pengon-kosovaret-cdo-fundjave-rradhe-te-gjata-qe-nisen-drejt-bregdetit\/","title":{"rendered":"Kriza nuk pengon kosovar\u00ebt, \u00e7do fundjav\u00eb rradh\u00eb t\u00eb gjata q\u00eb nisen drejt bregdetit"},"content":{"rendered":"<p><img decoding=\"async\" src=\"https:\/\/prizrenpost.com\/al\/wp-content\/uploads\/2019\/06\/autostrada-kukes.png\" alt=\"\" width=\"100%\" height=\"\" class=\"alignleft size-full wp-image-55661\" srcset=\"https:\/\/prizrenpost.com\/al\/wp-content\/uploads\/2019\/06\/autostrada-kukes.png 1920w, https:\/\/prizrenpost.com\/al\/wp-content\/uploads\/2019\/06\/autostrada-kukes-300x169.png 300w, https:\/\/prizrenpost.com\/al\/wp-content\/uploads\/2019\/06\/autostrada-kukes-768x432.png 768w, https:\/\/prizrenpost.com\/al\/wp-content\/uploads\/2019\/06\/autostrada-kukes-1024x576.png 1024w\" sizes=\"(max-width: 1920px) 100vw, 1920px\" \/><\/p>\n<p><strong>KUK\u00cbS &#8211; Protestat q\u00eb po zhvillohen nga opozita n\u00eb Shqip\u00ebri, nuk po u pengojn\u00eb turist\u00ebve nga Kosova.<\/strong><\/p>\n<p>Pjesa m\u00eb e p\u00eblqyer p\u00ebr nj\u00eb pushim vikendi \u00ebsht\u00eb veriu i Shqip\u00ebris\u00eb p\u00ebr shkak t\u00eb af\u00ebrsis\u00eb dhe kostos.<\/p>\n<p>Z\u00ebvend\u00ebskomandanti i pik\u00ebs kufitare, Ismet Hodaj tregon se sezoni turistik k\u00ebt\u00eb vit ka nisur m\u00eb her\u00ebt.<\/p>\n<p>Fluksi m\u00eb i madh i veturave p\u00ebr t\u00eb hyr\u00eb n\u00eb Shqip\u00ebri \u00ebsht\u00eb nga ora 5 deri n\u00eb 10 t\u00eb m\u00ebngjesit, nd\u00ebrsa p\u00ebr t\u2019u kthyer n\u00eb Kosov\u00eb nga ora 17 deri n\u00eb 23.<\/p>\n<p>Vet\u00ebm gjat\u00eb muajit qershor, 350 mij\u00eb persona me 122 mij\u00eb vetura kan\u00eb shfryt\u00ebzuar pik\u00ebn kufitare t\u00eb Vermic\u00ebs.<\/p>\n<p>Nd\u00ebrsa, gjat\u00eb tre muajve sezoni t\u00eb vitit t\u00eb kaluar, 3 milion\u00eb e 500 mij\u00eb persona.<\/p>\n","protected":false},"excerpt":{"rendered":"<p>KUK\u00cbS &#8211; Protestat q\u00eb po zhvillohen nga opozita n\u00eb Shqip\u00ebri, nuk po u pengojn\u00eb turist\u00ebve nga Kosova. Pjesa m\u00eb e p\u00eblqyer p\u00ebr nj\u00eb pushim vikendi \u00ebsht\u00eb veriu i Shqip\u00ebris\u00eb p\u00ebr shkak t\u00eb af\u00ebrsis\u00eb dhe kostos. Z\u00ebvend\u00ebskomandanti i pik\u00ebs kufitare, Ismet Hodaj tregon se sezoni turistik k\u00ebt\u00eb vit ka nisur m\u00eb her\u00ebt. Fluksi m\u00eb i madh [&hellip;]<\/p>\n","protected":false},"author":1,"featured_media":55661,"comment_status":"open","ping_status":"open","sticky":false,"template":"","format":"standard","meta":{"footnotes":""},"categories":[1],"tags":[812,872,2173,52],"class_list":["post-55660","post","type-post","status-publish","format-standard","has-post-thumbnail","hentry","category-lajme","tag-kosovaret","tag-protesta","tag-pushime","tag-shqiperi"],"_links":{"self":[{"href":"https:\/\/prizrenpost.com\/al\/wp-json\/wp\/v2\/posts\/55660","targetHints":{"allow":["GET"]}}],"collection":[{"href":"https:\/\/prizrenpost.com\/al\/wp-json\/wp\/v2\/posts"}],"about":[{"href":"https:\/\/prizrenpost.com\/al\/wp-json\/wp\/v2\/types\/post"}],"author":[{"embeddable":true,"href":"https:\/\/prizrenpost.com\/al\/wp-json\/wp\/v2\/users\/1"}],"replies":[{"embeddable":true,"href":"https:\/\/prizrenpost.com\/al\/wp-json\/wp\/v2\/comments?post=55660"}],"version-history":[{"count":0,"href":"https:\/\/prizrenpost.com\/al\/wp-json\/wp\/v2\/posts\/55660\/revisions"}],"wp:featuredmedia":[{"embeddable":true,"href":"https:\/\/prizrenpost.com\/al\/wp-json\/wp\/v2\/media\/55661"}],"wp:attachment":[{"href":"https:\/\/prizrenpost.com\/al\/wp-json\/wp\/v2\/media?parent=55660"}],"wp:term":[{"taxonomy":"category","embeddable":true,"href":"https:\/\/prizrenpost.com\/al\/wp-json\/wp\/v2\/categories?post=55660"},{"taxonomy":"post_tag","embeddable":true,"href":"https:\/\/prizrenpost.com\/al\/wp-json\/wp\/v2\/tags?post=55660"}],"curies":[{"name":"wp","href":"https:\/\/api.w.org\/{rel}","templated":true}]}}