{"id":55667,"date":"2019-06-22T19:00:31","date_gmt":"2019-06-22T17:00:31","guid":{"rendered":"https:\/\/prizrenpost.com\/al\/?p=55667"},"modified":"2019-06-22T19:00:31","modified_gmt":"2019-06-22T17:00:31","slug":"rama-konfirmon-me-30-qershor-zgjedhje-ne-gjithe-shqiperine","status":"publish","type":"post","link":"https:\/\/prizrenpost.com\/al\/rama-konfirmon-me-30-qershor-zgjedhje-ne-gjithe-shqiperine\/","title":{"rendered":"Rama konfirmon: M\u00eb 30 qershor, zgjedhje n\u00eb gjith\u00eb Shqip\u00ebrin\u00eb"},"content":{"rendered":"<p><img decoding=\"async\" src=\"https:\/\/prizrenpost.com\/al\/wp-content\/uploads\/2019\/06\/rama-1.jpg\" alt=\"\" width=\"100%\" height=\"\" class=\"alignleft size-full wp-image-55668\" srcset=\"https:\/\/prizrenpost.com\/al\/wp-content\/uploads\/2019\/06\/rama-1.jpg 793w, https:\/\/prizrenpost.com\/al\/wp-content\/uploads\/2019\/06\/rama-1-300x181.jpg 300w, https:\/\/prizrenpost.com\/al\/wp-content\/uploads\/2019\/06\/rama-1-768x463.jpg 768w\" sizes=\"(max-width: 793px) 100vw, 793px\" \/><\/p>\n<p><strong>FINIQ &#8211; Kryeministri Edi Rama nga Finiqi ka th\u00ebn\u00eb se zgjedhjet do t\u00eb mbahen n\u00eb 30 qershor.<\/strong><\/p>\n<p>\u201cN\u00eb 30 qershor zgjedhjet do b\u00ebhen n\u00eb gjith\u00eb territorin e Shqip\u00ebris\u00eb. P\u00ebrpjekje p\u00ebr t\u00eb krijuar konflikte nuk ka, p\u00ebr ta kthyer Shqip\u00ebrin\u00eb prapa nuk ka asnj\u00eb shans, sepse nuk ka popull. Kush i fryn zjarrit t\u00eb dhun\u00ebs, \u00ebsht\u00eb i destinuar t\u00eb tretet n\u00eb at\u00eb zjarr. Nuk shans q\u00eb n\u00eb Shqip\u00ebrin\u00eb e vitit 2019 t\u00eb fitoj\u00eb dhuna, kaosi, t\u00eb fitojn\u00eb qorrat q\u00eb nuk kan\u00eb asnj\u00eb ideal, ide q\u00eb nuk kan\u00eb asgj\u00eb p\u00ebr t\u00eb ofruar p\u00ebrve\u00e7 vetes dhe hallit t\u00eb tyre t\u00eb madh t\u00eb kthyer n\u00eb nj\u00eb platform\u00eb dhune.<\/p>\n<p>N\u00eb 30 qershor Shqip\u00ebria do b\u00ebj\u00eb zgjedhje. 30 qershori do jet\u00eb nj\u00eb dit\u00eb normale, edhe sikur t\u00eb ket\u00eb shfaqje sporadike, apo orvatje t\u00eb d\u00ebshp\u00ebruara pasi nuk do e bllokojn\u00eb dot procesin\u201d, tha Rama, njofton TCH.<\/p>\n","protected":false},"excerpt":{"rendered":"<p>FINIQ &#8211; Kryeministri Edi Rama nga Finiqi ka th\u00ebn\u00eb se zgjedhjet do t\u00eb mbahen n\u00eb 30 qershor. \u201cN\u00eb 30 qershor zgjedhjet do b\u00ebhen n\u00eb gjith\u00eb territorin e Shqip\u00ebris\u00eb. P\u00ebrpjekje p\u00ebr t\u00eb krijuar konflikte nuk ka, p\u00ebr ta kthyer Shqip\u00ebrin\u00eb prapa nuk ka asnj\u00eb shans, sepse nuk ka popull. Kush i fryn zjarrit t\u00eb dhun\u00ebs, \u00ebsht\u00eb [&hellip;]<\/p>\n","protected":false},"author":1,"featured_media":55668,"comment_status":"open","ping_status":"open","sticky":false,"template":"","format":"standard","meta":{"footnotes":""},"categories":[1],"tags":[369,3968,52,4088],"class_list":["post-55667","post","type-post","status-publish","format-standard","has-post-thumbnail","hentry","category-lajme","tag-edi-rama","tag-partia-socialiste","tag-shqiperi","tag-zgjedhjet-lokale"],"_links":{"self":[{"href":"https:\/\/prizrenpost.com\/al\/wp-json\/wp\/v2\/posts\/55667","targetHints":{"allow":["GET"]}}],"collection":[{"href":"https:\/\/prizrenpost.com\/al\/wp-json\/wp\/v2\/posts"}],"about":[{"href":"https:\/\/prizrenpost.com\/al\/wp-json\/wp\/v2\/types\/post"}],"author":[{"embeddable":true,"href":"https:\/\/prizrenpost.com\/al\/wp-json\/wp\/v2\/users\/1"}],"replies":[{"embeddable":true,"href":"https:\/\/prizrenpost.com\/al\/wp-json\/wp\/v2\/comments?post=55667"}],"version-history":[{"count":0,"href":"https:\/\/prizrenpost.com\/al\/wp-json\/wp\/v2\/posts\/55667\/revisions"}],"wp:featuredmedia":[{"embeddable":true,"href":"https:\/\/prizrenpost.com\/al\/wp-json\/wp\/v2\/media\/55668"}],"wp:attachment":[{"href":"https:\/\/prizrenpost.com\/al\/wp-json\/wp\/v2\/media?parent=55667"}],"wp:term":[{"taxonomy":"category","embeddable":true,"href":"https:\/\/prizrenpost.com\/al\/wp-json\/wp\/v2\/categories?post=55667"},{"taxonomy":"post_tag","embeddable":true,"href":"https:\/\/prizrenpost.com\/al\/wp-json\/wp\/v2\/tags?post=55667"}],"curies":[{"name":"wp","href":"https:\/\/api.w.org\/{rel}","templated":true}]}}