{"id":55670,"date":"2019-06-23T22:15:38","date_gmt":"2019-06-23T20:15:38","guid":{"rendered":"https:\/\/prizrenpost.com\/al\/?p=55670"},"modified":"2019-06-23T22:15:38","modified_gmt":"2019-06-23T20:15:38","slug":"imamoglu-fitues-i-zgjedhjeve-ne-stamboll","status":"publish","type":"post","link":"https:\/\/prizrenpost.com\/al\/imamoglu-fitues-i-zgjedhjeve-ne-stamboll\/","title":{"rendered":"\u0130mamo\u011flu, fitues i zgjedhjeve n\u00eb Stamboll"},"content":{"rendered":"<p><img decoding=\"async\" src=\"https:\/\/prizrenpost.com\/al\/wp-content\/uploads\/2019\/06\/imamoglu.jpg\" alt=\"\" width=\"100%\" height=\"\" class=\"alignleft size-full wp-image-55671\" srcset=\"https:\/\/prizrenpost.com\/al\/wp-content\/uploads\/2019\/06\/imamoglu.jpg 750w, https:\/\/prizrenpost.com\/al\/wp-content\/uploads\/2019\/06\/imamoglu-300x169.jpg 300w\" sizes=\"(max-width: 750px) 100vw, 750px\" \/><\/p>\n<p><strong>STAMBOLL &#8211; Kandidati i Partis\u00eb Republikane Popullore t\u00eb Turqis\u00eb (CHP), Ekrem \u0130mamo\u011flu, fitoi zgjedhjet p\u00ebr kryebashkiakun e Stambollit, treguan rezultatet jozyrtare, transmeton Anadolu Agency.<\/strong><\/p>\n<p>Me gjithsej 99,37 p\u00ebr qind t\u00eb votave t\u00eb num\u00ebruara, \u0130mamo\u011flu fitoi 54,03 p\u00ebr qind t\u00eb votave, nd\u00ebrsa Binali Y\u0131ld\u0131r\u0131m i Partis\u00eb p\u00ebr Drejt\u00ebsi dhe Zhvillim (AK Parti) mori 45,09 p\u00ebr qind.<\/p>\n<p>\u0130mamo\u011flu mori 777.581 vota m\u00eb shum\u00eb se rivali i tij, gjegj\u00ebsisht ai fitoi gati 4,7 milion\u00eb vota, kurse Y\u0131ld\u0131r\u0131m rreth kat\u00ebr milion\u00eb.<\/p>\n<p>&#8220;Rivali im Ekrem \u0130mamo\u011flu po udh\u00ebheq aktualisht. E p\u00ebrg\u00ebzoj dhe i uroj suksese&#8221;, tha Y\u0131ld\u0131r\u0131m pas shpalljes s\u00eb rezultateve t\u00eb para jozyrtare.<\/p>\n<p>&#8220;Ne do t\u00eb p\u00ebrpiqemi ta mb\u00ebshtesim at\u00eb n\u00eb \u00e7do pun\u00eb q\u00eb do t\u00eb b\u00ebj\u00eb n\u00eb em\u00ebr t\u00eb qytetar\u00ebve t\u00eb Stambollit&#8221;, shtoi ai.<\/p>\n<p>&#8220;Zgjedhje do t\u00eb thot\u00eb demokraci. K\u00ebto zgjedhje treguan edhe nj\u00eb her\u00eb se demokracia n\u00eb Turqi funksionon n\u00eb m\u00ebnyr\u00ebn m\u00eb t\u00eb mir\u00eb&#8221;, deklaroi Y\u0131ld\u0131r\u0131m.<\/p>\n<p>Kandidati p\u00ebr kryebashkiak i partis\u00eb opozitare p\u00ebrsh\u00ebndeti rezultatin e votimit t\u00eb p\u00ebrs\u00ebritur n\u00eb Stamboll dhe tha ai kontribuon n\u00eb &#8220;procesin demokratik t\u00eb Turqis\u00eb&#8221;.<\/p>\n<p>\u201cPjesa m\u00eb e r\u00ebnd\u00ebsishme e zgjedhjeve t\u00eb sotme n\u00eb Stamboll \u00ebsht\u00eb kontributi q\u00eb do t\u00eb ken\u00eb n\u00eb demokracin\u00eb e Turqis\u00eb. Uroj q\u00eb rezultati t\u00eb jet\u00eb n\u00eb dobi p\u00ebr shtetin ton\u00eb dhe Stambollin\u201d, tha \u0130mamo\u011flu duke folur p\u00ebr mediat n\u00eb Stamboll.<\/p>\n<p>Duke iu drejtuar qytetar\u00ebve t\u00eb Stambollit, \u0130mamo\u011flu tha se \u201cJu keni mbrojtur tradit\u00ebn ton\u00eb demokratike m\u00eb shum\u00eb se nj\u00ebshekullore. Fal\u00ebnderimi u qoft\u00eb bashk\u00ebqytetar\u00ebve t\u00eb Stambollit\u201d.<\/p>\n<p>\u0130mamo\u011flu tha se rezultati i zgjedhjeve nuk \u00ebsht\u00eb nj\u00eb fitore, por &#8220;nj\u00eb fillim i ri p\u00ebr qytetin&#8221;.<\/p>\n<p>Nd\u00ebrkoh\u00eb, Sadi G\u00fcven, kryetari i K\u00ebshillit t\u00eb Lart\u00eb Zgjedhor (YSK), paralajm\u00ebroi se rezultatet zyrtare do t\u00eb shpallen s\u00eb shpejti.<\/p>\n<p>Duke folur para p\u00ebrfaq\u00ebsuesve t\u00eb mediave n\u00eb Ankara, ai tha se deri m\u00eb tani zyrtarisht jan\u00eb procesuar 65 p\u00ebr qind apo 19.910 kuti t\u00eb votimit.<\/p>\n<p>&#8220;10.560.963 votues votuan n\u00eb 31.342 kuti t\u00eb votimit, duke p\u00ebrfshir\u00eb ato n\u00eb burgje dhe kutit\u00eb mobile&#8221;, tha ai.<\/p>\n<p>G\u00fcven shtoi se pas mbarimit t\u00eb procesit t\u00eb ankesave, certifikata e mandatit do t&#8217;i dor\u00ebzohet fituesit.<\/p>\n<p>\u0130mamo\u011flu dhe Y\u0131ld\u0131r\u0131m, n\u00eb mesin e kandidat\u00ebve t\u00eb tjer\u00eb, garuan n\u00eb zgjedhjet lokale t\u00eb p\u00ebrs\u00ebritura p\u00ebr t\u00eb drejtuar Stambollin, pasi votimi i m\u00ebparsh\u00ebm i 31 marsit u anulua n\u00eb k\u00ebt\u00eb qytet nga YSK muajin e kaluar.<\/p>\n","protected":false},"excerpt":{"rendered":"<p>STAMBOLL &#8211; Kandidati i Partis\u00eb Republikane Popullore t\u00eb Turqis\u00eb (CHP), Ekrem \u0130mamo\u011flu, fitoi zgjedhjet p\u00ebr kryebashkiakun e Stambollit, treguan rezultatet jozyrtare, transmeton Anadolu Agency. Me gjithsej 99,37 p\u00ebr qind t\u00eb votave t\u00eb num\u00ebruara, \u0130mamo\u011flu fitoi 54,03 p\u00ebr qind t\u00eb votave, nd\u00ebrsa Binali Y\u0131ld\u0131r\u0131m i Partis\u00eb p\u00ebr Drejt\u00ebsi dhe Zhvillim (AK Parti) mori 45,09 p\u00ebr qind. [&hellip;]<\/p>\n","protected":false},"author":1,"featured_media":55671,"comment_status":"open","ping_status":"open","sticky":false,"template":"","format":"standard","meta":{"footnotes":""},"categories":[1],"tags":[1974,5382,958,938,4088],"class_list":["post-55670","post","type-post","status-publish","format-standard","has-post-thumbnail","hentry","category-lajme","tag-binali-yildirim","tag-ekrem-imamoglu","tag-stamboll","tag-turqi","tag-zgjedhjet-lokale"],"_links":{"self":[{"href":"https:\/\/prizrenpost.com\/al\/wp-json\/wp\/v2\/posts\/55670","targetHints":{"allow":["GET"]}}],"collection":[{"href":"https:\/\/prizrenpost.com\/al\/wp-json\/wp\/v2\/posts"}],"about":[{"href":"https:\/\/prizrenpost.com\/al\/wp-json\/wp\/v2\/types\/post"}],"author":[{"embeddable":true,"href":"https:\/\/prizrenpost.com\/al\/wp-json\/wp\/v2\/users\/1"}],"replies":[{"embeddable":true,"href":"https:\/\/prizrenpost.com\/al\/wp-json\/wp\/v2\/comments?post=55670"}],"version-history":[{"count":0,"href":"https:\/\/prizrenpost.com\/al\/wp-json\/wp\/v2\/posts\/55670\/revisions"}],"wp:featuredmedia":[{"embeddable":true,"href":"https:\/\/prizrenpost.com\/al\/wp-json\/wp\/v2\/media\/55671"}],"wp:attachment":[{"href":"https:\/\/prizrenpost.com\/al\/wp-json\/wp\/v2\/media?parent=55670"}],"wp:term":[{"taxonomy":"category","embeddable":true,"href":"https:\/\/prizrenpost.com\/al\/wp-json\/wp\/v2\/categories?post=55670"},{"taxonomy":"post_tag","embeddable":true,"href":"https:\/\/prizrenpost.com\/al\/wp-json\/wp\/v2\/tags?post=55670"}],"curies":[{"name":"wp","href":"https:\/\/api.w.org\/{rel}","templated":true}]}}