{"id":55673,"date":"2019-06-23T22:19:36","date_gmt":"2019-06-23T20:19:36","guid":{"rendered":"https:\/\/prizrenpost.com\/al\/?p=55673"},"modified":"2019-06-23T22:19:36","modified_gmt":"2019-06-23T20:19:36","slug":"rama-per-letren-e-metes-derguar-osbe-se-inshallah-ka-humbur-rruges-e-nxjerr-si-te-lajthitur","status":"publish","type":"post","link":"https:\/\/prizrenpost.com\/al\/rama-per-letren-e-metes-derguar-osbe-se-inshallah-ka-humbur-rruges-e-nxjerr-si-te-lajthitur\/","title":{"rendered":"Rama p\u00ebr letr\u00ebn e Met\u00ebs d\u00ebrguar OSBE-s\u00eb: Inshallah ka humbur rrug\u00ebs, e nxjerr si t\u00eb lajthitur"},"content":{"rendered":"<p><img decoding=\"async\" src=\"https:\/\/prizrenpost.com\/al\/wp-content\/uploads\/2019\/06\/rama-meta.jpg\" alt=\"\" width=\"100%\" height=\"\" class=\"alignleft size-full wp-image-55674\" srcset=\"https:\/\/prizrenpost.com\/al\/wp-content\/uploads\/2019\/06\/rama-meta.jpg 960w, https:\/\/prizrenpost.com\/al\/wp-content\/uploads\/2019\/06\/rama-meta-300x200.jpg 300w, https:\/\/prizrenpost.com\/al\/wp-content\/uploads\/2019\/06\/rama-meta-768x512.jpg 768w\" sizes=\"(max-width: 960px) 100vw, 960px\" \/><\/p>\n<p><strong>TIRAN\u00cb &#8211; Kryeministri Edi Rama ka reaguar p\u00ebr letr\u00ebn q\u00eb presidenti Ilir Meta i ka d\u00ebrguar kryesuesit t\u00eb OSBE-s Miroslav Lajcak dhe presidentit t\u00eb OSBE George Tsereteli, ku sqaron se se zgjedhjet e 30 qershorit jan\u00eb \u00e7\u2019dekretuar.<\/strong><\/p>\n<p>Por kryeministri Rama thot\u00eb se shpreson q\u00eb kjo let\u00ebr nuk ka arritur n\u00eb destinacion, pasi e nxjerr presidentin si nj\u00eb t\u00eb lajthitur.<\/p>\n<p>\u201cKjo letra e Ilir Met\u00ebs p\u00ebr Presidentin e OSBE inshallah ka humbur rrug\u00ebs e s\u2019ka arritur n\u00eb destinacion, se do kujtojn\u00eb bota se \u00ebsht\u00eb shkruar nga ndonj\u00eb humorist q\u00eb ka dashur t\u00eb tallet me Presidentin e Republik\u00ebs, duke e nxjerr\u00eb si nj\u00eb t\u00eb lajthitur q\u00eb b\u00ebrtet pa ditur \u00e7far\u00eb flet\u201d, shkruan Rama.<\/p>\n<p>Pavar\u00ebsisht vendimit t\u00eb Met\u00ebs p\u00ebr t\u00eb shfuqizuar 30 qershorin si dat\u00eb p\u00ebr zgjedhjet lokale, Partia Socialiste shprehet e vendosur p\u00ebr t\u00eb shkuar n\u00eb votime n\u00eb dat\u00ebn e paracaktuar nga presidenti.<\/p>\n","protected":false},"excerpt":{"rendered":"<p>TIRAN\u00cb &#8211; Kryeministri Edi Rama ka reaguar p\u00ebr letr\u00ebn q\u00eb presidenti Ilir Meta i ka d\u00ebrguar kryesuesit t\u00eb OSBE-s Miroslav Lajcak dhe presidentit t\u00eb OSBE George Tsereteli, ku sqaron se se zgjedhjet e 30 qershorit jan\u00eb \u00e7\u2019dekretuar. Por kryeministri Rama thot\u00eb se shpreson q\u00eb kjo let\u00ebr nuk ka arritur n\u00eb destinacion, pasi e nxjerr presidentin [&hellip;]<\/p>\n","protected":false},"author":1,"featured_media":55674,"comment_status":"open","ping_status":"open","sticky":false,"template":"","format":"standard","meta":{"footnotes":""},"categories":[1],"tags":[3803,369,368,4104,52,4088],"class_list":["post-55673","post","type-post","status-publish","format-standard","has-post-thumbnail","hentry","category-lajme","tag-aktuale","tag-edi-rama","tag-ilir-meta","tag-osbe","tag-shqiperi","tag-zgjedhjet-lokale"],"_links":{"self":[{"href":"https:\/\/prizrenpost.com\/al\/wp-json\/wp\/v2\/posts\/55673","targetHints":{"allow":["GET"]}}],"collection":[{"href":"https:\/\/prizrenpost.com\/al\/wp-json\/wp\/v2\/posts"}],"about":[{"href":"https:\/\/prizrenpost.com\/al\/wp-json\/wp\/v2\/types\/post"}],"author":[{"embeddable":true,"href":"https:\/\/prizrenpost.com\/al\/wp-json\/wp\/v2\/users\/1"}],"replies":[{"embeddable":true,"href":"https:\/\/prizrenpost.com\/al\/wp-json\/wp\/v2\/comments?post=55673"}],"version-history":[{"count":0,"href":"https:\/\/prizrenpost.com\/al\/wp-json\/wp\/v2\/posts\/55673\/revisions"}],"wp:featuredmedia":[{"embeddable":true,"href":"https:\/\/prizrenpost.com\/al\/wp-json\/wp\/v2\/media\/55674"}],"wp:attachment":[{"href":"https:\/\/prizrenpost.com\/al\/wp-json\/wp\/v2\/media?parent=55673"}],"wp:term":[{"taxonomy":"category","embeddable":true,"href":"https:\/\/prizrenpost.com\/al\/wp-json\/wp\/v2\/categories?post=55673"},{"taxonomy":"post_tag","embeddable":true,"href":"https:\/\/prizrenpost.com\/al\/wp-json\/wp\/v2\/tags?post=55673"}],"curies":[{"name":"wp","href":"https:\/\/api.w.org\/{rel}","templated":true}]}}