{"id":5568,"date":"2014-02-23T10:31:44","date_gmt":"2014-02-23T09:31:44","guid":{"rendered":"http:\/\/prizrenpost.com\/al\/?p=5568"},"modified":"2021-01-17T15:15:01","modified_gmt":"2021-01-17T14:15:01","slug":"pd-nis-konsultimet-e-fshehta-me-vendoret","status":"publish","type":"post","link":"https:\/\/prizrenpost.com\/al\/pd-nis-konsultimet-e-fshehta-me-vendoret\/","title":{"rendered":"PD nis konsultimet e fshehta me vendor\u00ebt"},"content":{"rendered":"<p><img decoding=\"async\" src=\"https:\/\/prizrenpost.com\/al\/wp-content\/uploads\/2014\/02\/eduard-halimi-komisioni-i-ligjeve-adfasd.jpg\" alt=\"\" width=\"100%\" height=\"\" class=\"alignleft size-full wp-image-62375\" srcset=\"https:\/\/prizrenpost.com\/al\/wp-content\/uploads\/2014\/02\/eduard-halimi-komisioni-i-ligjeve-adfasd.jpg 670w, https:\/\/prizrenpost.com\/al\/wp-content\/uploads\/2014\/02\/eduard-halimi-komisioni-i-ligjeve-adfasd-300x255.jpg 300w\" sizes=\"(max-width: 670px) 100vw, 670px\" \/><\/p>\n<p><strong>Pa b\u00ebr\u00eb zhurm\u00eb, demokrat\u00ebt kan\u00eb filluar pun\u00ebn p\u00ebr t\u00eb diskutuar me krer\u00ebt e komunave dhe t\u00eb bashkive t\u00eb djathta rreth problematikave q\u00eb i shqet\u00ebsojn\u00eb dhe \u00e7\u00ebshtjet e kompetencave. Nj\u00eb jav\u00eb pasi PS-ja mblodhi n\u00eb Akademin\u00eb e Arteve krer\u00ebt vendor\u00eb t\u00eb majt\u00eb, t\u00eb nj\u00ebjt\u00ebn nism\u00eb ka realizuar edhe PD-ja, por vet\u00ebm me ata t\u00eb qarkut t\u00eb Durr\u00ebsit.<\/strong> <\/p>\n<p>Deputeti Eduard Halimi ka pasur nj\u00eb takim pune me krer\u00ebt e komunave dhe t\u00eb bashkive t\u00eb djathta t\u00eb qarkut t\u00eb Durr\u00ebsit. Ky fakt pohohet edhe nga deputeti Halimi. \u201cSot pata nj\u00eb takim pune me kryetar\u00ebt e bashkive dhe komunave t\u00eb rrethit Durr\u00ebs, ku biseduam p\u00ebr problemet q\u00eb ata po hasin me munges\u00ebn e autonomis\u00eb lokale dhe arbitraritetin e kryeministrit n\u00eb shkeljen e parimeve kushtetuese t\u00eb administrimit t\u00eb territorit dhe veprimtaris\u00eb fiskale\u201d, njofton Halimi. Burime nga e djathta b\u00ebjn\u00eb t\u00eb ditur se pjes\u00eb e diskutimeve kan\u00eb qen\u00eb edhe problemet e kryerjes s\u00eb sh\u00ebrbimeve ndaj qytetar\u00ebve si dhe legalizimet n\u00eb Bashkin\u00eb e Sukthit. Me q\u00ebndrimin e PDIU-s\u00eb p\u00ebr t\u00eb marr\u00eb pjes\u00eb n\u00eb procesin p\u00ebr reform\u00ebn zgjedhore, sikurse mori pjes\u00eb p\u00ebrfaq\u00ebsuesi i saj n\u00eb grupin e pun\u00ebs s\u00eb K\u00ebshillit t\u00eb qarkut t\u00eb Tiran\u00ebs, PD-ja nuk do t\u00eb mund q\u00eb t\u00eb bllokonte reform\u00ebn territoriale. N\u00eb q\u00ebndrimin e saj, grupi parlamentar demokrat e kusht\u00ebzoi pjes\u00ebmarrjen e saj n\u00eb procesin e ndarjes s\u00eb re territoriale me t\u00ebrheqjen e mazhoranc\u00ebs nga ligji i n\u00ebpun\u00ebsit civil, nd\u00ebrprerjen e procedurave parlamentare ndaj kreut t\u00eb Inspektoratit t\u00eb Lart\u00eb t\u00eb Deklarimit dhe Kontrollit t\u00eb Pasurive dhe Parandalimit t\u00eb Konfliktit t\u00eb Interesave, si dhe t\u00ebrheqjen nga amendamenti n\u00eb ligjin p\u00ebr Autoritetin e Mediave Audiovizive (AMA). Por, nj\u00eb prej tyre, ajo p\u00ebr shkarkimin e Inspektores s\u00eb P\u00ebrgjithshme t\u00eb ILDKP-s\u00eb \u00ebsht\u00eb i pamundur q\u00eb t\u00eb realizohet, pasi \u00ebsht\u00eb em\u00ebruar edhe pasardh\u00ebsi i saj. Jan\u00eb pik\u00ebrisht dy pikat e mbetura ato q\u00eb do t\u00eb vijojn\u00eb t\u00eb mbajn\u00eb ende n\u00eb \u201cng\u00ebr\u00e7\u201d, konsensusin midis mazhoranc\u00ebs dhe opozit\u00ebs, duke rrezikuar edhe kapjen e afateve kohore t\u00eb parashikuara.<\/p>\n<p>Afatet kohore t\u00eb nism\u00ebs<\/p>\n<p>Ligji i ri p\u00ebr ndarjen administrative pritet t\u00eb miratohet vet\u00ebm n\u00eb shtatorin e vitit 2014. Qeveria ka parashikuar n\u00eb draftin p\u00ebr \u201cKriteret dhe metodologjin\u00eb q\u00eb do t\u00eb ndiqet p\u00ebr ndarjen e re administrativo-territoriale t\u00eb Republik\u00ebs s\u00eb Shqip\u00ebris\u00eb\u201d, q\u00eb pas konsultimeve, Ministri i Shtetit p\u00ebrgatit projektligjin \u201cP\u00ebr ndarjen administrativo-territoriale t\u00eb nj\u00ebsive t\u00eb qeverisjes vendore n\u00eb Republik\u00ebn e Shqip\u00ebris\u00eb\u201d me propozimin p\u00ebr hart\u00ebn e re t\u00eb ndarjes administrativo-territoriale dhe ia d\u00ebrgon p\u00ebr miratim K\u00ebshillit t\u00eb Ministrave brenda dat\u00ebs 15 shtator 2014. Nisma p\u00ebr ndarjen e re administrativo-territoriale parashikon q\u00eb brenda dat\u00ebs 10 prill 2014 Komitetet Rajonale miratojn\u00eb dhe d\u00ebrgojn\u00eb pran\u00eb Ministrit t\u00eb Shtetit propozimet e hart\u00ebs s\u00eb re t\u00eb ndarjes administrativo-territoriale p\u00ebr \u00e7do qark. N\u00ebse nga Komitetet nuk respektohet afati i m\u00ebsip\u00ebrm, prefekt\u00ebt brenda dat\u00ebs 15 prill 2014 miratojn\u00eb dhe d\u00ebrgojn\u00eb pran\u00eb Ministrit t\u00eb Shtetit propozimet p\u00ebr \u00e7do qark t\u00eb hart\u00ebs s\u00eb re t\u00eb ndarjes administrativo-territoriale. NJQV-t\u00eb q\u00eb kan\u00eb nd\u00ebrmarr\u00eb procesin vullnetar duhet q\u00eb brenda dat\u00ebs 10 prill 2014 t\u00eb dor\u00ebzojn\u00eb pran\u00eb Ministrit t\u00eb Shtetit propozimet p\u00ebrkat\u00ebse t\u00eb cilat duhet t\u00eb ken\u00eb kaluar procesin e konsultimit publik. Q\u00ebllimi i k\u00ebtij ligji \u00ebsht\u00eb p\u00ebrcaktimi i kritereve dhe metodologjis\u00eb p\u00ebr ndarjen e re administrativo-territoriale t\u00eb Republik\u00ebs s\u00eb Shqip\u00ebris\u00eb si dhe instrumentet dhe afatet kohore q\u00eb nevojiten p\u00ebr realizimin e k\u00ebtij q\u00ebllimi. N\u00eb nenin 4 t\u00eb k\u00ebtij ligji thuhet se brenda 15 dit\u00ebsh nga hyrja n\u00eb fuqi e k\u00ebtij ligji, p\u00ebr mbik\u00ebqyrjen e procesit t\u00eb ndarjes administrativo-territoriale, Kuvendi krijon nj\u00eb Komision t\u00eb Posa\u00e7\u00ebm Parlamentar p\u00ebr Reform\u00ebn Administrativo-Territoriale, me bashk\u00ebkryesim t\u00eb p\u00ebrfaq\u00ebsuesit t\u00eb mazhoranc\u00ebs dhe opozit\u00ebs parlamentare. N\u00eb 12 qarqet e vendit, me urdh\u00ebr t\u00eb Prefektit t\u00eb Qarkut, krijohen Komitetet Rajonale t\u00eb Reform\u00ebs Administrativo-Territoriale. Komitetet Rajonale kan\u00eb k\u00ebt\u00eb p\u00ebrb\u00ebrje: Prefekti i Qarkut q\u00eb do jet\u00eb kryetar dhe an\u00ebtar\u00eb t\u00eb thjesht\u00eb, tre kryetar\u00eb\/k\u00ebshilltar\u00eb bashkie\/ komune nga e djathta dhe e majta. Bazuar n\u00eb propozimet e ardhura nga 12 komitetet rajonale ose prefekt\u00ebt dhe pasi shqyrton p\u00ebrputhshm\u00ebrin\u00eb e propozimeve me kriteret dhe afatet e k\u00ebtij ligji, Ministri i Shtetit i paraqet p\u00ebr shqyrtim Komisionit t\u00eb Posa\u00e7\u00ebm Parlamentar p\u00ebr Reform\u00ebn Administrativo- Territoriale propozimet p\u00ebr hart\u00ebn e re administrativo-territoriale p\u00ebr nivelin e par\u00eb t\u00eb qeverisjes vendore.\/shekulli\/<\/p>\n","protected":false},"excerpt":{"rendered":"<p>Pa b\u00ebr\u00eb zhurm\u00eb, demokrat\u00ebt kan\u00eb filluar pun\u00ebn p\u00ebr t\u00eb diskutuar me krer\u00ebt e komunave dhe t\u00eb bashkive t\u00eb djathta rreth problematikave q\u00eb i shqet\u00ebsojn\u00eb dhe \u00e7\u00ebshtjet e kompetencave. Nj\u00eb jav\u00eb pasi PS-ja mblodhi n\u00eb Akademin\u00eb e Arteve krer\u00ebt vendor\u00eb t\u00eb majt\u00eb, t\u00eb nj\u00ebjt\u00ebn nism\u00eb ka realizuar edhe PD-ja, por vet\u00ebm me ata t\u00eb qarkut t\u00eb [&hellip;]<\/p>\n","protected":false},"author":1,"featured_media":62375,"comment_status":"open","ping_status":"open","sticky":false,"template":"","format":"standard","meta":{"footnotes":""},"categories":[1],"tags":[],"class_list":["post-5568","post","type-post","status-publish","format-standard","has-post-thumbnail","hentry","category-lajme"],"_links":{"self":[{"href":"https:\/\/prizrenpost.com\/al\/wp-json\/wp\/v2\/posts\/5568","targetHints":{"allow":["GET"]}}],"collection":[{"href":"https:\/\/prizrenpost.com\/al\/wp-json\/wp\/v2\/posts"}],"about":[{"href":"https:\/\/prizrenpost.com\/al\/wp-json\/wp\/v2\/types\/post"}],"author":[{"embeddable":true,"href":"https:\/\/prizrenpost.com\/al\/wp-json\/wp\/v2\/users\/1"}],"replies":[{"embeddable":true,"href":"https:\/\/prizrenpost.com\/al\/wp-json\/wp\/v2\/comments?post=5568"}],"version-history":[{"count":1,"href":"https:\/\/prizrenpost.com\/al\/wp-json\/wp\/v2\/posts\/5568\/revisions"}],"predecessor-version":[{"id":62376,"href":"https:\/\/prizrenpost.com\/al\/wp-json\/wp\/v2\/posts\/5568\/revisions\/62376"}],"wp:featuredmedia":[{"embeddable":true,"href":"https:\/\/prizrenpost.com\/al\/wp-json\/wp\/v2\/media\/62375"}],"wp:attachment":[{"href":"https:\/\/prizrenpost.com\/al\/wp-json\/wp\/v2\/media?parent=5568"}],"wp:term":[{"taxonomy":"category","embeddable":true,"href":"https:\/\/prizrenpost.com\/al\/wp-json\/wp\/v2\/categories?post=5568"},{"taxonomy":"post_tag","embeddable":true,"href":"https:\/\/prizrenpost.com\/al\/wp-json\/wp\/v2\/tags?post=5568"}],"curies":[{"name":"wp","href":"https:\/\/api.w.org\/{rel}","templated":true}]}}