{"id":55686,"date":"2019-06-24T16:51:35","date_gmt":"2019-06-24T14:51:35","guid":{"rendered":"https:\/\/prizrenpost.com\/al\/?p=55686"},"modified":"2019-06-24T16:51:35","modified_gmt":"2019-06-24T14:51:35","slug":"kolegji-zgjedhor-konfirmon-pavlefshmerine-absolute-te-dekretit-te-ilir-metes-zgjedhjet-me-30-qershor","status":"publish","type":"post","link":"https:\/\/prizrenpost.com\/al\/kolegji-zgjedhor-konfirmon-pavlefshmerine-absolute-te-dekretit-te-ilir-metes-zgjedhjet-me-30-qershor\/","title":{"rendered":"Kolegji Zgjedhor konfirmon pavlefshm\u00ebrin\u00eb absolute t\u00eb Dekretit t\u00eb Ilir Met\u00ebs, zgjedhjet m\u00eb 30 qershor"},"content":{"rendered":"<p><img decoding=\"async\" src=\"https:\/\/prizrenpost.com\/al\/wp-content\/uploads\/2019\/06\/195DB6C7-FC20-4705-A05B-294E501357AE.png\" alt=\"\" width=\"100%\" height=\"\" class=\"alignleft size-full wp-image-55687\" srcset=\"https:\/\/prizrenpost.com\/al\/wp-content\/uploads\/2019\/06\/195DB6C7-FC20-4705-A05B-294E501357AE.png 780w, https:\/\/prizrenpost.com\/al\/wp-content\/uploads\/2019\/06\/195DB6C7-FC20-4705-A05B-294E501357AE-300x156.png 300w, https:\/\/prizrenpost.com\/al\/wp-content\/uploads\/2019\/06\/195DB6C7-FC20-4705-A05B-294E501357AE-768x399.png 768w\" sizes=\"(max-width: 780px) 100vw, 780px\" \/><\/p>\n<p><strong>TIRAN\u00cb &#8211; Kolegji Zgjedhor ka rr\u00ebzuar me pes\u00eb vota pro dhe asnj\u00eb kund\u00ebr k\u00ebrkes\u00ebn e Idajet Beqirit, kryetarit t\u00eb partis\u00eb s\u00eb Unitetit Komb\u00ebtar, p\u00ebr tu \u00e7regjistruar nga zgjedhjet e 30 qershorit, k\u00ebrkes\u00eb e cila bazohej n\u00eb argumentin se zgjedhjet ishin anulluar nga Meta.<\/strong><\/p>\n<p>Me vendimin q\u00eb mori sot kolegji i dha fund edhe p\u00ebrplasjes mes Kuvendit dhe Presidentit p\u00ebr ligjshm\u00ebrin\u00eb ose jo t\u00eb dekretit t\u00eb Presidentit Ilir Meta, p\u00ebr anulimin e zgjedhjeve.<\/p>\n<p>Me anulimin e k\u00ebrkes\u00ebs s\u00eb Idajet Beqiri p\u00ebr t\u00eb \u00e7regjistruar Partin\u00eb e Unitetit Komb\u00ebtar nga zgjedhjet, do t\u00eb thot\u00eb se dekreti i Met\u00ebs p\u00ebr anulimin e zgjedhjeve \u00ebsht\u00eb i paligjsh\u00ebm dhe p\u00ebr pasoj\u00eb do t\u00eb ket\u00eb zgjedhje n\u00eb 30 qershor.<\/p>\n<p>Vendimi u mor nga trupa e gjyqtar\u00ebve t\u00eb Kolegjit Zgjedhor nga Astrit Kalaja, Ridvan Hado, Tomor Skerli, Artur Malaj dhe Lindita Sinanaj. <\/p>\n<p>\u201c\u00cbsht\u00eb nj\u00eb vendim i form\u00ebs s\u00eb prer\u00eb ne t\u00eb drejt\u00eb ankimimi nuk kemi m\u00eb. Jemi t\u00eb detyruar ta zbatojm\u00eb k\u00ebt\u00eb ligj. Do t\u00eb thot\u00eb q\u00eb m\u00eb 30 qershor ka zgjedhje. <\/p>\n<p>Duke respektuar k\u00ebt\u00eb vendim t\u00eb Kolegjit, do t\u2019i n\u00ebnshtrohemi t\u00eb gjith\u00eb rregullave p\u00ebr t\u00eb vijuar garimin p\u00ebr kaq dit\u00eb sa na kan\u00eb mbetur. <\/p>\n<p>Thelbi i vendimit p\u00ebrsakoh\u00eb rr\u00ebzohet k\u00ebrkesa jon\u00eb do t\u00eb thot\u00eb q\u00eb m\u00eb 30 qershor shqiptar\u00ebt do t\u00eb shkojn\u00eb n\u00eb zgjedhje. Problemi \u00ebsht\u00eb q\u00eb drejt Unitetit shkohet me gj\u00ebra q\u00eb jan\u00eb ligjore, kushtetuese, q\u00eb i kan\u00eb miratuar gjith\u00eb shqiptar\u00ebt <\/p>\n<p>N\u00eb referendum kan\u00eb votuar nj\u00eb kushtetut\u00eb q\u00eb duhet zbatuar. Po operove me mjete jo ligjore gjithmon\u00eb je i d\u00ebshtuar. <\/p>\n<p>Un\u00eb thash q\u00eb p\u00ebrfaq\u00ebsoj nj\u00eb subjekt politik, vler\u00ebsimet e ia p\u00ebr dekretin edhe k\u00ebtu i b\u00ebra t\u00eb qarta, \u00ebsht\u00eb nj\u00eb dekret i pavlefsh\u00ebm nga \u00e7do lloj pik\u00ebpamje. \u00cbsht\u00eb luft\u00ebnxit\u00ebs p\u00ebr mua\u201d, u shpreh Beqiri menj\u00ebher\u00eb pas vendimit t\u00eb Kolegjit Zgjedhor, njofton Tema. <\/p>\n","protected":false},"excerpt":{"rendered":"<p>TIRAN\u00cb &#8211; Kolegji Zgjedhor ka rr\u00ebzuar me pes\u00eb vota pro dhe asnj\u00eb kund\u00ebr k\u00ebrkes\u00ebn e Idajet Beqirit, kryetarit t\u00eb partis\u00eb s\u00eb Unitetit Komb\u00ebtar, p\u00ebr tu \u00e7regjistruar nga zgjedhjet e 30 qershorit, k\u00ebrkes\u00eb e cila bazohej n\u00eb argumentin se zgjedhjet ishin anulluar nga Meta. Me vendimin q\u00eb mori sot kolegji i dha fund edhe p\u00ebrplasjes mes [&hellip;]<\/p>\n","protected":false},"author":1,"featured_media":55687,"comment_status":"open","ping_status":"open","sticky":false,"template":"","format":"standard","meta":{"footnotes":""},"categories":[1],"tags":[3803,368,5385,52,4088],"class_list":["post-55686","post","type-post","status-publish","format-standard","has-post-thumbnail","hentry","category-lajme","tag-aktuale","tag-ilir-meta","tag-kolegji-zgjedhor","tag-shqiperi","tag-zgjedhjet-lokale"],"_links":{"self":[{"href":"https:\/\/prizrenpost.com\/al\/wp-json\/wp\/v2\/posts\/55686","targetHints":{"allow":["GET"]}}],"collection":[{"href":"https:\/\/prizrenpost.com\/al\/wp-json\/wp\/v2\/posts"}],"about":[{"href":"https:\/\/prizrenpost.com\/al\/wp-json\/wp\/v2\/types\/post"}],"author":[{"embeddable":true,"href":"https:\/\/prizrenpost.com\/al\/wp-json\/wp\/v2\/users\/1"}],"replies":[{"embeddable":true,"href":"https:\/\/prizrenpost.com\/al\/wp-json\/wp\/v2\/comments?post=55686"}],"version-history":[{"count":0,"href":"https:\/\/prizrenpost.com\/al\/wp-json\/wp\/v2\/posts\/55686\/revisions"}],"wp:featuredmedia":[{"embeddable":true,"href":"https:\/\/prizrenpost.com\/al\/wp-json\/wp\/v2\/media\/55687"}],"wp:attachment":[{"href":"https:\/\/prizrenpost.com\/al\/wp-json\/wp\/v2\/media?parent=55686"}],"wp:term":[{"taxonomy":"category","embeddable":true,"href":"https:\/\/prizrenpost.com\/al\/wp-json\/wp\/v2\/categories?post=55686"},{"taxonomy":"post_tag","embeddable":true,"href":"https:\/\/prizrenpost.com\/al\/wp-json\/wp\/v2\/tags?post=55686"}],"curies":[{"name":"wp","href":"https:\/\/api.w.org\/{rel}","templated":true}]}}