{"id":55692,"date":"2019-06-25T12:01:09","date_gmt":"2019-06-25T10:01:09","guid":{"rendered":"https:\/\/prizrenpost.com\/al\/?p=55692"},"modified":"2019-06-25T12:01:09","modified_gmt":"2019-06-25T10:01:09","slug":"rama-sot-ne-kukes-dega-e-pd-e-pret-me-proteste","status":"publish","type":"post","link":"https:\/\/prizrenpost.com\/al\/rama-sot-ne-kukes-dega-e-pd-e-pret-me-proteste\/","title":{"rendered":"Rama sot n\u00eb Kuk\u00ebs, dega e PD e pret me protest\u00eb"},"content":{"rendered":"<p><img decoding=\"async\" src=\"https:\/\/prizrenpost.com\/al\/wp-content\/uploads\/2019\/06\/rama-2.jpg\" alt=\"\" width=\"100%\" height=\"\" class=\"alignleft size-full wp-image-55695\" srcset=\"https:\/\/prizrenpost.com\/al\/wp-content\/uploads\/2019\/06\/rama-2.jpg 780w, https:\/\/prizrenpost.com\/al\/wp-content\/uploads\/2019\/06\/rama-2-300x169.jpg 300w, https:\/\/prizrenpost.com\/al\/wp-content\/uploads\/2019\/06\/rama-2-768x433.jpg 768w\" sizes=\"(max-width: 780px) 100vw, 780px\" \/><\/p>\n<p><strong>KUK\u00cbS &#8211; Nd\u00ebrkoh\u00eb q\u00eb kryeministri Edi Rama sot pritet t\u00eb mb\u00ebrrij\u00eb n\u00eb Kuk\u00ebs, dega e PD atje ka k\u00ebrkuar leje p\u00ebr protest\u00eb.<\/strong><\/p>\n<p>Si\u00e7 shihet edhe nga k\u00ebrkesa q\u00eb Top Channel ka siguruar leja k\u00ebrkohet nga ora 14:00 deri n\u00eb or\u00ebn 22:00.<\/p>\n<p><img decoding=\"async\" src=\"https:\/\/prizrenpost.com\/al\/wp-content\/uploads\/2019\/06\/kerkesa-e-pd.jpg\" alt=\"\" width=\"70%\" height=\"\" class=\"alignnone size-full wp-image-55694\" srcset=\"https:\/\/prizrenpost.com\/al\/wp-content\/uploads\/2019\/06\/kerkesa-e-pd.jpg 720w, https:\/\/prizrenpost.com\/al\/wp-content\/uploads\/2019\/06\/kerkesa-e-pd-225x300.jpg 225w\" sizes=\"(max-width: 720px) 100vw, 720px\" \/><\/p>\n","protected":false},"excerpt":{"rendered":"<p>KUK\u00cbS &#8211; Nd\u00ebrkoh\u00eb q\u00eb kryeministri Edi Rama sot pritet t\u00eb mb\u00ebrrij\u00eb n\u00eb Kuk\u00ebs, dega e PD atje ka k\u00ebrkuar leje p\u00ebr protest\u00eb. Si\u00e7 shihet edhe nga k\u00ebrkesa q\u00eb Top Channel ka siguruar leja k\u00ebrkohet nga ora 14:00 deri n\u00eb or\u00ebn 22:00.<\/p>\n","protected":false},"author":1,"featured_media":55695,"comment_status":"open","ping_status":"open","sticky":false,"template":"","format":"standard","meta":{"footnotes":""},"categories":[1],"tags":[369,1720,1494,3968,1092,52,4088],"class_list":["post-55692","post","type-post","status-publish","format-standard","has-post-thumbnail","hentry","category-lajme","tag-edi-rama","tag-kukes","tag-partia-demokratike","tag-partia-socialiste","tag-proteste","tag-shqiperi","tag-zgjedhjet-lokale"],"_links":{"self":[{"href":"https:\/\/prizrenpost.com\/al\/wp-json\/wp\/v2\/posts\/55692","targetHints":{"allow":["GET"]}}],"collection":[{"href":"https:\/\/prizrenpost.com\/al\/wp-json\/wp\/v2\/posts"}],"about":[{"href":"https:\/\/prizrenpost.com\/al\/wp-json\/wp\/v2\/types\/post"}],"author":[{"embeddable":true,"href":"https:\/\/prizrenpost.com\/al\/wp-json\/wp\/v2\/users\/1"}],"replies":[{"embeddable":true,"href":"https:\/\/prizrenpost.com\/al\/wp-json\/wp\/v2\/comments?post=55692"}],"version-history":[{"count":0,"href":"https:\/\/prizrenpost.com\/al\/wp-json\/wp\/v2\/posts\/55692\/revisions"}],"wp:featuredmedia":[{"embeddable":true,"href":"https:\/\/prizrenpost.com\/al\/wp-json\/wp\/v2\/media\/55695"}],"wp:attachment":[{"href":"https:\/\/prizrenpost.com\/al\/wp-json\/wp\/v2\/media?parent=55692"}],"wp:term":[{"taxonomy":"category","embeddable":true,"href":"https:\/\/prizrenpost.com\/al\/wp-json\/wp\/v2\/categories?post=55692"},{"taxonomy":"post_tag","embeddable":true,"href":"https:\/\/prizrenpost.com\/al\/wp-json\/wp\/v2\/tags?post=55692"}],"curies":[{"name":"wp","href":"https:\/\/api.w.org\/{rel}","templated":true}]}}