{"id":5574,"date":"2014-02-23T20:17:10","date_gmt":"2014-02-23T19:17:10","guid":{"rendered":"http:\/\/prizrenpost.com\/al\/?p=5574"},"modified":"2021-01-17T15:12:54","modified_gmt":"2021-01-17T14:12:54","slug":"edhe-shqiperia-burg-per-shqiptaret-qe-luftojne-ne-siri","status":"publish","type":"post","link":"https:\/\/prizrenpost.com\/al\/edhe-shqiperia-burg-per-shqiptaret-qe-luftojne-ne-siri\/","title":{"rendered":"Edhe Shqip\u00ebria burg p\u00ebr shqiptar\u00ebt q\u00eb luftojn\u00eb n\u00eb Siri"},"content":{"rendered":"<p><img decoding=\"async\" src=\"https:\/\/prizrenpost.com\/al\/wp-content\/uploads\/2014\/02\/komisioni-ligjeve-xhafaj.jpg\" alt=\"\" width=\"100%\" height=\"\" class=\"alignleft size-full wp-image-62369\" srcset=\"https:\/\/prizrenpost.com\/al\/wp-content\/uploads\/2014\/02\/komisioni-ligjeve-xhafaj.jpg 640w, https:\/\/prizrenpost.com\/al\/wp-content\/uploads\/2014\/02\/komisioni-ligjeve-xhafaj-300x188.jpg 300w\" sizes=\"(max-width: 640px) 100vw, 640px\" \/><\/p>\n<p><strong>Tiran\u00eb, 23 shkurt &#8211; Pjes\u00ebmarrja e shtetasve shqiptar\u00eb n\u00eb konfliktet e armatosura jasht\u00eb vendit do t\u00eb cil\u00ebsohet vep\u00ebr penale n\u00eb Shqip\u00ebri dhe do t\u00eb d\u00ebnohet me burg.<\/strong> <\/p>\n<p>Kjo parashikohet n\u00eb nj\u00eb propozim t\u00eb kreut t\u00eb Komisionit t\u00eb Ligjeve, Fatmir Xhafajt dhe nj\u00eb grupi deputet\u00ebsh, t\u00eb cil\u00ebt k\u00ebrkojn\u00eb ndryshime n\u00eb Kodin Penal. <\/p>\n<p>Ky propozim pritet q\u00eb t\u00eb paraqitet n\u00eb mbledhjen e ardhshme t\u00eb Konferenc\u00ebs s\u00eb Kryetar\u00ebve. Lajmin e b\u00ebn t\u00eb ditur \u201cA1 Report\u201d. M\u00ebsohet se k\u00ebto ndryshime vijn\u00eb pas konsultimeve me Ministrin\u00eb e Brendshme, Ministrin\u00eb e Mbrojtjes, si edhe me ekspert\u00eb t\u00eb ndrysh\u00ebm t\u00eb fush\u00ebs. <\/p>\n<p>Nisma vjen n\u00eb nj\u00eb koh\u00eb kur numri i xhihadist\u00ebve shqiptar\u00eb q\u00eb luftojn\u00eb n\u00eb Siri po p\u00ebson rritje. Q\u00eb nga nisja luft\u00ebs civile atje, me dhjet\u00ebra shqiptar\u00eb q\u00eb kan\u00eb shkuar p\u00ebr t\u00eb luftuar kan\u00eb gjetur vdekjen. Gjithashtu, sipas raporteve t\u00eb publikuara n\u00eb mediat e huaja, jan\u00eb me qindra shqiptar\u00eb q\u00eb luftojn\u00eb p\u00ebrkrah rebel\u00ebve n\u00eb Siri. <\/p>\n<p>Nd\u00ebrkoh\u00eb, disa jav\u00eb m\u00eb par\u00eb, Kosova miratoi projektligjin i cili ua ndalon shtetasve kosovar\u00eb pjes\u00ebmarrjen n\u00eb konfliktet e armatosura jasht\u00eb vendit. Sipas ligjit, i cili ka hyr\u00eb n\u00eb fuqi, d\u00ebnimet p\u00ebr k\u00ebt\u00eb vep\u00ebr penale shkojn\u00eb deri n\u00eb 15 vjet burg.\/shekulli\/<\/p>\n","protected":false},"excerpt":{"rendered":"<p>Tiran\u00eb, 23 shkurt &#8211; Pjes\u00ebmarrja e shtetasve shqiptar\u00eb n\u00eb konfliktet e armatosura jasht\u00eb vendit do t\u00eb cil\u00ebsohet vep\u00ebr penale n\u00eb Shqip\u00ebri dhe do t\u00eb d\u00ebnohet me burg. Kjo parashikohet n\u00eb nj\u00eb propozim t\u00eb kreut t\u00eb Komisionit t\u00eb Ligjeve, Fatmir Xhafajt dhe nj\u00eb grupi deputet\u00ebsh, t\u00eb cil\u00ebt k\u00ebrkojn\u00eb ndryshime n\u00eb Kodin Penal. Ky propozim pritet q\u00eb [&hellip;]<\/p>\n","protected":false},"author":1,"featured_media":62369,"comment_status":"open","ping_status":"open","sticky":false,"template":"","format":"standard","meta":{"footnotes":""},"categories":[1],"tags":[52],"class_list":["post-5574","post","type-post","status-publish","format-standard","has-post-thumbnail","hentry","category-lajme","tag-shqiperi"],"_links":{"self":[{"href":"https:\/\/prizrenpost.com\/al\/wp-json\/wp\/v2\/posts\/5574","targetHints":{"allow":["GET"]}}],"collection":[{"href":"https:\/\/prizrenpost.com\/al\/wp-json\/wp\/v2\/posts"}],"about":[{"href":"https:\/\/prizrenpost.com\/al\/wp-json\/wp\/v2\/types\/post"}],"author":[{"embeddable":true,"href":"https:\/\/prizrenpost.com\/al\/wp-json\/wp\/v2\/users\/1"}],"replies":[{"embeddable":true,"href":"https:\/\/prizrenpost.com\/al\/wp-json\/wp\/v2\/comments?post=5574"}],"version-history":[{"count":1,"href":"https:\/\/prizrenpost.com\/al\/wp-json\/wp\/v2\/posts\/5574\/revisions"}],"predecessor-version":[{"id":62370,"href":"https:\/\/prizrenpost.com\/al\/wp-json\/wp\/v2\/posts\/5574\/revisions\/62370"}],"wp:featuredmedia":[{"embeddable":true,"href":"https:\/\/prizrenpost.com\/al\/wp-json\/wp\/v2\/media\/62369"}],"wp:attachment":[{"href":"https:\/\/prizrenpost.com\/al\/wp-json\/wp\/v2\/media?parent=5574"}],"wp:term":[{"taxonomy":"category","embeddable":true,"href":"https:\/\/prizrenpost.com\/al\/wp-json\/wp\/v2\/categories?post=5574"},{"taxonomy":"post_tag","embeddable":true,"href":"https:\/\/prizrenpost.com\/al\/wp-json\/wp\/v2\/tags?post=5574"}],"curies":[{"name":"wp","href":"https:\/\/api.w.org\/{rel}","templated":true}]}}