{"id":5591,"date":"2014-02-24T19:40:42","date_gmt":"2014-02-24T18:40:42","guid":{"rendered":"http:\/\/prizrenpost.com\/al\/?p=5591"},"modified":"2021-01-17T15:05:23","modified_gmt":"2021-01-17T14:05:23","slug":"hoxhe-dr-shefqet-krasniqi-me-gold-ag","status":"publish","type":"post","link":"https:\/\/prizrenpost.com\/al\/hoxhe-dr-shefqet-krasniqi-me-gold-ag\/","title":{"rendered":"Hoxh\u00eb Dr. Shefqet Krasniqi me GOLD AG"},"content":{"rendered":"<p><img decoding=\"async\" src=\"https:\/\/prizrenpost.com\/al\/wp-content\/uploads\/2014\/02\/1911089_781848988510672_1789597424_o.jpg\" alt=\"\" width=\"100%\" height=\"\" class=\"alignleft size-full wp-image-62351\" srcset=\"https:\/\/prizrenpost.com\/al\/wp-content\/uploads\/2014\/02\/1911089_781848988510672_1789597424_o.jpg 2048w, https:\/\/prizrenpost.com\/al\/wp-content\/uploads\/2014\/02\/1911089_781848988510672_1789597424_o-300x210.jpg 300w, https:\/\/prizrenpost.com\/al\/wp-content\/uploads\/2014\/02\/1911089_781848988510672_1789597424_o-1024x718.jpg 1024w, https:\/\/prizrenpost.com\/al\/wp-content\/uploads\/2014\/02\/1911089_781848988510672_1789597424_o-768x539.jpg 768w, https:\/\/prizrenpost.com\/al\/wp-content\/uploads\/2014\/02\/1911089_781848988510672_1789597424_o-1536x1077.jpg 1536w\" sizes=\"(max-width: 2048px) 100vw, 2048px\" \/><\/p>\n<p><strong>Hoxh\u00eb Dr.Shefqet Krasniqi sot pas namazit t\u00eb ikindis\u00eb n\u00eb Xhamin\u00eb e madhe n\u00eb Prishtin\u00eb e priti reperin e njohur, tashm\u00eb t\u00eb famshmin Gold AG,i cili e njoftoi hoxh\u00ebn p\u00ebr motivin e k\u00ebng\u00ebs s\u00eb p\u00ebrfolur dit\u00ebve t\u00eb fundit.<\/strong><\/p>\n<p>Nd\u00ebrsa Hoxha nga ana e tij e falenderoj v\u00ebllain Arianin p\u00ebr guximin, vendosshm\u00ebrin\u00eb e tij p\u00ebr t&#8217;i mbrojtur interesat e Islamit dhe musliman\u00ebve n\u00eb vendin ton\u00eb.<\/p>\n<p>Pastaj hoxha e k\u00ebshilloi at\u00eb q\u00eb ta l\u00eb muzik\u00ebn dhe n\u00eb t\u00eb njejt\u00ebn koh\u00eb t\u00eb jet\u00eb sa m\u00eb i kujdessh\u00ebm n\u00eb flajorin e tij, sepse fjalori i past\u00ebrt \u00ebsht\u00eb kultur\u00eb e besimtarit t\u00eb mir\u00eb.<\/p>\n","protected":false},"excerpt":{"rendered":"<p>Hoxh\u00eb Dr.Shefqet Krasniqi sot pas namazit t\u00eb ikindis\u00eb n\u00eb Xhamin\u00eb e madhe n\u00eb Prishtin\u00eb e priti reperin e njohur, tashm\u00eb t\u00eb famshmin Gold AG,i cili e njoftoi hoxh\u00ebn p\u00ebr motivin e k\u00ebng\u00ebs s\u00eb p\u00ebrfolur dit\u00ebve t\u00eb fundit. Nd\u00ebrsa Hoxha nga ana e tij e falenderoj v\u00ebllain Arianin p\u00ebr guximin, vendosshm\u00ebrin\u00eb e tij p\u00ebr t&#8217;i mbrojtur [&hellip;]<\/p>\n","protected":false},"author":1,"featured_media":62351,"comment_status":"open","ping_status":"open","sticky":false,"template":"","format":"standard","meta":{"footnotes":""},"categories":[1],"tags":[],"class_list":["post-5591","post","type-post","status-publish","format-standard","has-post-thumbnail","hentry","category-lajme"],"_links":{"self":[{"href":"https:\/\/prizrenpost.com\/al\/wp-json\/wp\/v2\/posts\/5591","targetHints":{"allow":["GET"]}}],"collection":[{"href":"https:\/\/prizrenpost.com\/al\/wp-json\/wp\/v2\/posts"}],"about":[{"href":"https:\/\/prizrenpost.com\/al\/wp-json\/wp\/v2\/types\/post"}],"author":[{"embeddable":true,"href":"https:\/\/prizrenpost.com\/al\/wp-json\/wp\/v2\/users\/1"}],"replies":[{"embeddable":true,"href":"https:\/\/prizrenpost.com\/al\/wp-json\/wp\/v2\/comments?post=5591"}],"version-history":[{"count":2,"href":"https:\/\/prizrenpost.com\/al\/wp-json\/wp\/v2\/posts\/5591\/revisions"}],"predecessor-version":[{"id":62353,"href":"https:\/\/prizrenpost.com\/al\/wp-json\/wp\/v2\/posts\/5591\/revisions\/62353"}],"wp:featuredmedia":[{"embeddable":true,"href":"https:\/\/prizrenpost.com\/al\/wp-json\/wp\/v2\/media\/62351"}],"wp:attachment":[{"href":"https:\/\/prizrenpost.com\/al\/wp-json\/wp\/v2\/media?parent=5591"}],"wp:term":[{"taxonomy":"category","embeddable":true,"href":"https:\/\/prizrenpost.com\/al\/wp-json\/wp\/v2\/categories?post=5591"},{"taxonomy":"post_tag","embeddable":true,"href":"https:\/\/prizrenpost.com\/al\/wp-json\/wp\/v2\/tags?post=5591"}],"curies":[{"name":"wp","href":"https:\/\/api.w.org\/{rel}","templated":true}]}}