{"id":55938,"date":"2019-07-09T11:12:53","date_gmt":"2019-07-09T09:12:53","guid":{"rendered":"https:\/\/prizrenpost.com\/al\/?p=55938"},"modified":"2019-07-09T11:12:53","modified_gmt":"2019-07-09T09:12:53","slug":"arrestohet-burri-nga-prizreni-per-detyrim-te-nje-gruaje-ne-prostitucion","status":"publish","type":"post","link":"https:\/\/prizrenpost.com\/al\/arrestohet-burri-nga-prizreni-per-detyrim-te-nje-gruaje-ne-prostitucion\/","title":{"rendered":"Arrestohet burri nga Prizreni p\u00ebr detyrim t\u00eb nj\u00eb gruaje n\u00eb prostitucion"},"content":{"rendered":"<p><img decoding=\"async\" src=\"https:\/\/prizrenpost.com\/al\/wp-content\/uploads\/2019\/07\/26A7DD9E-B338-4740-9B5A-0C1F4EAB0AE0.png\" alt=\"\" width=\"100%\" height=\"\" class=\"alignleft size-full wp-image-55939\" srcset=\"https:\/\/prizrenpost.com\/al\/wp-content\/uploads\/2019\/07\/26A7DD9E-B338-4740-9B5A-0C1F4EAB0AE0.png 800w, https:\/\/prizrenpost.com\/al\/wp-content\/uploads\/2019\/07\/26A7DD9E-B338-4740-9B5A-0C1F4EAB0AE0-300x194.png 300w, https:\/\/prizrenpost.com\/al\/wp-content\/uploads\/2019\/07\/26A7DD9E-B338-4740-9B5A-0C1F4EAB0AE0-768x495.png 768w\" sizes=\"(max-width: 800px) 100vw, 800px\" \/><\/p>\n<p><strong>PRIZREN &#8211; Dje rreth or\u00ebs 18:00 nj\u00eb burr\u00eb nga Prizreni \u00ebsht\u00eb arrestuar pasi q\u00eb dyshohet se n\u00eb m\u00ebnyr\u00eb sistematike e ka detyruar nj\u00eb grua q\u00eb t\u00eb merret me prostitucion.<\/strong><\/p>\n<p>Ai e ka detyruar viktim\u00ebn q\u00eb t\u00eb ofroj\u00eb sh\u00ebrbime seksuale ndaj personave t\u00eb ndrysh\u00ebm, transmeton Klan Kosova.<\/p>\n<p>Me vendim t\u00eb prokurorit i dyshuari \u00ebsht\u00eb d\u00ebrguar n\u00eb mbajtje. <\/p>\n","protected":false},"excerpt":{"rendered":"<p>PRIZREN &#8211; Dje rreth or\u00ebs 18:00 nj\u00eb burr\u00eb nga Prizreni \u00ebsht\u00eb arrestuar pasi q\u00eb dyshohet se n\u00eb m\u00ebnyr\u00eb sistematike e ka detyruar nj\u00eb grua q\u00eb t\u00eb merret me prostitucion. Ai e ka detyruar viktim\u00ebn q\u00eb t\u00eb ofroj\u00eb sh\u00ebrbime seksuale ndaj personave t\u00eb ndrysh\u00ebm, transmeton Klan Kosova. Me vendim t\u00eb prokurorit i dyshuari \u00ebsht\u00eb d\u00ebrguar n\u00eb [&hellip;]<\/p>\n","protected":false},"author":1,"featured_media":55939,"comment_status":"open","ping_status":"open","sticky":false,"template":"","format":"standard","meta":{"footnotes":""},"categories":[22],"tags":[1833,41,5407],"class_list":["post-55938","post","type-post","status-publish","format-standard","has-post-thumbnail","hentry","category-prizren","tag-arrestim","tag-prizren","tag-prostitucion"],"_links":{"self":[{"href":"https:\/\/prizrenpost.com\/al\/wp-json\/wp\/v2\/posts\/55938","targetHints":{"allow":["GET"]}}],"collection":[{"href":"https:\/\/prizrenpost.com\/al\/wp-json\/wp\/v2\/posts"}],"about":[{"href":"https:\/\/prizrenpost.com\/al\/wp-json\/wp\/v2\/types\/post"}],"author":[{"embeddable":true,"href":"https:\/\/prizrenpost.com\/al\/wp-json\/wp\/v2\/users\/1"}],"replies":[{"embeddable":true,"href":"https:\/\/prizrenpost.com\/al\/wp-json\/wp\/v2\/comments?post=55938"}],"version-history":[{"count":0,"href":"https:\/\/prizrenpost.com\/al\/wp-json\/wp\/v2\/posts\/55938\/revisions"}],"wp:featuredmedia":[{"embeddable":true,"href":"https:\/\/prizrenpost.com\/al\/wp-json\/wp\/v2\/media\/55939"}],"wp:attachment":[{"href":"https:\/\/prizrenpost.com\/al\/wp-json\/wp\/v2\/media?parent=55938"}],"wp:term":[{"taxonomy":"category","embeddable":true,"href":"https:\/\/prizrenpost.com\/al\/wp-json\/wp\/v2\/categories?post=55938"},{"taxonomy":"post_tag","embeddable":true,"href":"https:\/\/prizrenpost.com\/al\/wp-json\/wp\/v2\/tags?post=55938"}],"curies":[{"name":"wp","href":"https:\/\/api.w.org\/{rel}","templated":true}]}}