{"id":55982,"date":"2019-07-12T19:06:42","date_gmt":"2019-07-12T17:06:42","guid":{"rendered":"https:\/\/prizrenpost.com\/al\/?p=55982"},"modified":"2019-07-12T19:06:42","modified_gmt":"2019-07-12T17:06:42","slug":"basha-sterhiqet-nga-largimi-i-rames","status":"publish","type":"post","link":"https:\/\/prizrenpost.com\/al\/basha-sterhiqet-nga-largimi-i-rames\/","title":{"rendered":"Basha s\u2019t\u00ebrhiqet nga largimi i Ram\u00ebs"},"content":{"rendered":"<p><img decoding=\"async\" src=\"https:\/\/prizrenpost.com\/al\/wp-content\/uploads\/2019\/07\/basha.jpg\" alt=\"\" width=\"100%\" height=\"\" class=\"alignleft size-full wp-image-55983\" srcset=\"https:\/\/prizrenpost.com\/al\/wp-content\/uploads\/2019\/07\/basha.jpg 800w, https:\/\/prizrenpost.com\/al\/wp-content\/uploads\/2019\/07\/basha-300x169.jpg 300w, https:\/\/prizrenpost.com\/al\/wp-content\/uploads\/2019\/07\/basha-768x432.jpg 768w\" sizes=\"(max-width: 800px) 100vw, 800px\" \/><\/p>\n<p><strong>TIRAN\u00cb &#8211; \u201cKjo kriz\u00eb nuk mbyllet me pazar mes PS-PD, si\u00e7 po flasin mercenar\u00ebt e Ram\u00ebs\u201d, me k\u00ebto fjal\u00eb kryedemokrati Lulzim Basha i \u00ebsht\u00eb drejtuar n\u00eb nj\u00eb mbledhje t\u00eb p\u00ebrbashk\u00ebt an\u00ebtar\u00ebve t\u00eb kryesis\u00eb dhe ish-grupit parlamentar t\u00eb Partis\u00eb Demokratike.<\/strong><\/p>\n<p>Mesazhi i Bash\u00ebs ka qen\u00eb e prer\u00eb, nuk ka ulje n\u00eb tavolin\u00eb me Edi Ram\u00ebn, q\u00eb sipas tij \u00ebsht\u00eb njeriu q\u00eb vjedh vota. Largimi i kryeministrit dhe ngritja e nj\u00eb qeverie q\u00eb do t\u00eb krijonte kushtet p\u00ebr zgjedhje t\u00eb lira dhe t\u00eb ndershme jan\u00eb prioritet e Partis\u00eb Demokratike.<\/p>\n<p>\u201cPrioriteti kryesor \u00ebsht\u00eb ndryshimi urgjent i k\u00ebsaj qeverie t\u00eb korruptuar. Nj\u00eb proces zgjedhor me standarde, q\u00eb nuk mund t\u00eb ndodh\u00eb p\u00ebr sa koh\u00eb n\u00eb krye t\u00eb vendit \u00ebsht\u00eb nj\u00eb person q\u00eb ka kapur drejt\u00ebsin\u00eb dhe ka kapur zgjedhjet. Fund pand\u00ebshkueshm\u00ebris\u00eb s\u00eb politikan\u00ebve t\u00eb kapur duke vjedhur votat. Nd\u00ebshkim k\u00ebtij regjimi q\u00eb nuk i rezistoi dot tundimit p\u00ebr t\u00eb vjedhur edhe veten e vet\u201d, tha Basha.<\/p>\n<p>Aksioni politik i opozit\u00ebs do t\u00eb vazhdoj\u00eb me protesta, p\u00ebr t\u00eb cilat nuk ka nj\u00eb dat\u00eb, por edhe me shpalosjen e programit qeveris\u00ebs s\u00eb Partis\u00eb Demokratike.<\/p>\n<p>\u201c31% e familjeve s\u2019mbyllin dot shpenzimet e buk\u00ebs mujore. Ky \u00ebsht\u00eb prioriteti i v\u00ebrtet\u00eb dhe absolut i vendit. Ndaj gjith\u00eb v\u00ebmendja dhe energjia jon\u00eb \u00ebsht\u00eb p\u00ebrqendruar drejt dh\u00ebnies form\u00eb t\u00eb ndryshimit q\u00eb pret dhe meriton \u00e7do shqiptar. Duke filluar me gjendjen e mjeruar ekonomike ku e ka katandisur vendin ky regjim\u201d, tha kreu i PD.<\/p>\n<p>Basha ka k\u00ebrkuar angazhim maksimal t\u00eb strukturave partiake n\u00eb qend\u00ebr, dhe n\u00eb deg\u00ebt lokale duke p\u00ebrqendruar pun\u00ebn n\u00eb terren, njofton TCH.<\/p>\n","protected":false},"excerpt":{"rendered":"<p>TIRAN\u00cb &#8211; \u201cKjo kriz\u00eb nuk mbyllet me pazar mes PS-PD, si\u00e7 po flasin mercenar\u00ebt e Ram\u00ebs\u201d, me k\u00ebto fjal\u00eb kryedemokrati Lulzim Basha i \u00ebsht\u00eb drejtuar n\u00eb nj\u00eb mbledhje t\u00eb p\u00ebrbashk\u00ebt an\u00ebtar\u00ebve t\u00eb kryesis\u00eb dhe ish-grupit parlamentar t\u00eb Partis\u00eb Demokratike. Mesazhi i Bash\u00ebs ka qen\u00eb e prer\u00eb, nuk ka ulje n\u00eb tavolin\u00eb me Edi Ram\u00ebn, q\u00eb [&hellip;]<\/p>\n","protected":false},"author":1,"featured_media":55983,"comment_status":"open","ping_status":"open","sticky":false,"template":"","format":"standard","meta":{"footnotes":""},"categories":[1],"tags":[3803,369,1047,697,52],"class_list":["post-55982","post","type-post","status-publish","format-standard","has-post-thumbnail","hentry","category-lajme","tag-aktuale","tag-edi-rama","tag-lulzim-basha","tag-opozita","tag-shqiperi"],"_links":{"self":[{"href":"https:\/\/prizrenpost.com\/al\/wp-json\/wp\/v2\/posts\/55982","targetHints":{"allow":["GET"]}}],"collection":[{"href":"https:\/\/prizrenpost.com\/al\/wp-json\/wp\/v2\/posts"}],"about":[{"href":"https:\/\/prizrenpost.com\/al\/wp-json\/wp\/v2\/types\/post"}],"author":[{"embeddable":true,"href":"https:\/\/prizrenpost.com\/al\/wp-json\/wp\/v2\/users\/1"}],"replies":[{"embeddable":true,"href":"https:\/\/prizrenpost.com\/al\/wp-json\/wp\/v2\/comments?post=55982"}],"version-history":[{"count":0,"href":"https:\/\/prizrenpost.com\/al\/wp-json\/wp\/v2\/posts\/55982\/revisions"}],"wp:featuredmedia":[{"embeddable":true,"href":"https:\/\/prizrenpost.com\/al\/wp-json\/wp\/v2\/media\/55983"}],"wp:attachment":[{"href":"https:\/\/prizrenpost.com\/al\/wp-json\/wp\/v2\/media?parent=55982"}],"wp:term":[{"taxonomy":"category","embeddable":true,"href":"https:\/\/prizrenpost.com\/al\/wp-json\/wp\/v2\/categories?post=55982"},{"taxonomy":"post_tag","embeddable":true,"href":"https:\/\/prizrenpost.com\/al\/wp-json\/wp\/v2\/tags?post=55982"}],"curies":[{"name":"wp","href":"https:\/\/api.w.org\/{rel}","templated":true}]}}