{"id":56009,"date":"2019-07-16T11:33:46","date_gmt":"2019-07-16T09:33:46","guid":{"rendered":"https:\/\/prizrenpost.com\/al\/?p=56009"},"modified":"2019-07-16T11:33:46","modified_gmt":"2019-07-16T09:33:46","slug":"te-gatshem-per-dialog-vetem-nese-diskutohet-per-marreveshje-brenda-kufijve-ekzistues","status":"publish","type":"post","link":"https:\/\/prizrenpost.com\/al\/te-gatshem-per-dialog-vetem-nese-diskutohet-per-marreveshje-brenda-kufijve-ekzistues\/","title":{"rendered":"T\u00eb gatsh\u00ebm p\u00ebr dialog vet\u00ebm n\u00ebse diskutohet p\u00ebr marr\u00ebveshje brenda kufijve ekzistues"},"content":{"rendered":"<p><img decoding=\"async\" src=\"https:\/\/prizrenpost.com\/al\/wp-content\/uploads\/2019\/07\/9567F7DB-AAA9-4005-8C2B-F6D395BAABEB.png\" alt=\"\" width=\"100%\" height=\"\" class=\"alignleft size-full wp-image-56010\" srcset=\"https:\/\/prizrenpost.com\/al\/wp-content\/uploads\/2019\/07\/9567F7DB-AAA9-4005-8C2B-F6D395BAABEB.png 999w, https:\/\/prizrenpost.com\/al\/wp-content\/uploads\/2019\/07\/9567F7DB-AAA9-4005-8C2B-F6D395BAABEB-300x190.png 300w, https:\/\/prizrenpost.com\/al\/wp-content\/uploads\/2019\/07\/9567F7DB-AAA9-4005-8C2B-F6D395BAABEB-768x487.png 768w\" sizes=\"(max-width: 999px) 100vw, 999px\" \/><\/p>\n<p><strong>PRISHTIN\u00cb &#8211; Kryeministri Ramush Haradinaj ka shprehur gatishm\u00ebrin\u00eb p\u00ebr t\u2019iu rikthyer dialogut me Serbin\u00eb me kushtin q\u00eb do t\u00eb diskutohet p\u00ebr marr\u00ebveshje brenda kufijve ekzistues.<\/strong><\/p>\n<p>\u201cAjo \u00e7ka k\u00ebrkon Kosova \u00ebsht\u00eb shum\u00eb bazike. Kemi k\u00ebrkuar nj\u00eb korniz\u00eb marr\u00ebveshjeje p\u00ebr njohje reciproke n\u00eb kufijt\u00eb ekzistues. Kjo korniz\u00eb marr\u00ebveshjeje duhet me qen\u00eb korniza se \u00e7ka negociojm\u00eb dhe asgj\u00eb tjet\u00ebr\u201d, njofton Klan Kosova.<\/p>\n<p>Haradinaj komentoi edhe deklaratat e presidentit francez Emmanuel Macron, i cili n\u00eb nj\u00eb vizit\u00eb n\u00eb Beograd tha se duhet t\u00eb gjendet zgjidhje kompromisi mes Kosov\u00ebs dhe Serbis\u00eb.<\/p>\n<p>\u201cE fal\u00ebnderoj presidentin Macron p\u00ebr nj\u00eb sinqeritet t\u00eb shprehur kur tha se Kosova edhe Serbia jan\u00eb shtete evropiane. E fal\u00ebnderoj p\u00ebr pun\u00ebn q\u00eb po b\u00ebn n\u00eb afrimin e k\u00ebtyre dy popujve\u201d.<\/p>\n<p>\u201cKjo nuk \u00ebsht\u00eb p\u00ebrshkrim se \u00e7ka mund t\u00eb jet\u00eb kompromisi, por \u00ebsht\u00eb k\u00ebshill\u00eb. Kjo gjuh\u00eb \u00ebsht\u00eb e logjikshme\u201d.<\/p>\n<p>Nd\u00ebrsa lidhur me taks\u00ebn 100% Haradinaj tha se mund t\u00eb hiqet taksa n\u00eb k\u00ebmbim t\u00eb njohjes n\u00ebse marr\u00ebveshja e kompromisit b\u00ebhet brenda kufijve ekzistues. <\/p>\n","protected":false},"excerpt":{"rendered":"<p>PRISHTIN\u00cb &#8211; Kryeministri Ramush Haradinaj ka shprehur gatishm\u00ebrin\u00eb p\u00ebr t\u2019iu rikthyer dialogut me Serbin\u00eb me kushtin q\u00eb do t\u00eb diskutohet p\u00ebr marr\u00ebveshje brenda kufijve ekzistues. \u201cAjo \u00e7ka k\u00ebrkon Kosova \u00ebsht\u00eb shum\u00eb bazike. Kemi k\u00ebrkuar nj\u00eb korniz\u00eb marr\u00ebveshjeje p\u00ebr njohje reciproke n\u00eb kufijt\u00eb ekzistues. Kjo korniz\u00eb marr\u00ebveshjeje duhet me qen\u00eb korniza se \u00e7ka negociojm\u00eb dhe asgj\u00eb [&hellip;]<\/p>\n","protected":false},"author":1,"featured_media":56010,"comment_status":"open","ping_status":"open","sticky":false,"template":"","format":"standard","meta":{"footnotes":""},"categories":[1],"tags":[3803,1686,287,1140,799],"class_list":["post-56009","post","type-post","status-publish","format-standard","has-post-thumbnail","hentry","category-lajme","tag-aktuale","tag-dialogu","tag-kosova","tag-ramush-haradinaj","tag-serbia"],"_links":{"self":[{"href":"https:\/\/prizrenpost.com\/al\/wp-json\/wp\/v2\/posts\/56009","targetHints":{"allow":["GET"]}}],"collection":[{"href":"https:\/\/prizrenpost.com\/al\/wp-json\/wp\/v2\/posts"}],"about":[{"href":"https:\/\/prizrenpost.com\/al\/wp-json\/wp\/v2\/types\/post"}],"author":[{"embeddable":true,"href":"https:\/\/prizrenpost.com\/al\/wp-json\/wp\/v2\/users\/1"}],"replies":[{"embeddable":true,"href":"https:\/\/prizrenpost.com\/al\/wp-json\/wp\/v2\/comments?post=56009"}],"version-history":[{"count":0,"href":"https:\/\/prizrenpost.com\/al\/wp-json\/wp\/v2\/posts\/56009\/revisions"}],"wp:featuredmedia":[{"embeddable":true,"href":"https:\/\/prizrenpost.com\/al\/wp-json\/wp\/v2\/media\/56010"}],"wp:attachment":[{"href":"https:\/\/prizrenpost.com\/al\/wp-json\/wp\/v2\/media?parent=56009"}],"wp:term":[{"taxonomy":"category","embeddable":true,"href":"https:\/\/prizrenpost.com\/al\/wp-json\/wp\/v2\/categories?post=56009"},{"taxonomy":"post_tag","embeddable":true,"href":"https:\/\/prizrenpost.com\/al\/wp-json\/wp\/v2\/tags?post=56009"}],"curies":[{"name":"wp","href":"https:\/\/api.w.org\/{rel}","templated":true}]}}