{"id":5606,"date":"2014-02-25T11:46:03","date_gmt":"2014-02-25T10:46:03","guid":{"rendered":"http:\/\/prizrenpost.com\/al\/?p=5606"},"modified":"2021-01-17T14:13:38","modified_gmt":"2021-01-17T13:13:38","slug":"shqiperia-po-dorezohet-para-kohe-thone-analistet","status":"publish","type":"post","link":"https:\/\/prizrenpost.com\/al\/shqiperia-po-dorezohet-para-kohe-thone-analistet\/","title":{"rendered":"Shqip\u00ebria po dor\u00ebzohet para kohe, thon\u00eb analist\u00ebt"},"content":{"rendered":"<p><img decoding=\"async\" src=\"https:\/\/prizrenpost.com\/al\/wp-content\/uploads\/2014\/02\/kombetarja.jpeg\" alt=\"\" width=\"100%\" height=\"\" class=\"alignleft size-full wp-image-62342\" srcset=\"https:\/\/prizrenpost.com\/al\/wp-content\/uploads\/2014\/02\/kombetarja.jpeg 596w, https:\/\/prizrenpost.com\/al\/wp-content\/uploads\/2014\/02\/kombetarja-300x199.jpeg 300w\" sizes=\"(max-width: 596px) 100vw, 596px\" \/><\/p>\n<p><strong>Menj\u00ebher\u00eb pas konfirmimit t\u00eb kund\u00ebrshtar\u00ebve p\u00ebr eliminator\u00ebt e evropianit 2016, taborit kuqezi, p\u00ebrkat\u00ebsisht trajnerit t\u00eb saj Gianni de Biassit, sikur iu pren\u00eb k\u00ebmb\u00ebn dhe thuajse i humbi t\u00eb gjitha gjasat p\u00ebr nj\u00eb kualifikim t\u00eb mundsh\u00ebm.<\/strong><\/p>\n<p>Kjo ka b\u00ebr\u00eb q\u00eb njoh\u00ebsit e futbollit ta vler\u00ebsojn\u00eb komb\u00ebtaret shqiptare si t\u00eb dob\u00ebt n\u00eb aspektin psikik dhe se me k\u00ebt\u00eb qasje ata nuk mund t\u00eb arrijn\u00eb asgj\u00eb.<\/p>\n<p>Arbnor Morina e Gani Sejdiu nuk e p\u00eblqejn\u00eb k\u00ebt\u00eb qasje t\u00eb komb\u00ebtares dhe ata sugjerojn\u00eb q\u00eb t\u00eb punohet n\u00eb ndryshimin e mentalitetit t\u00eb saj. \u201cGrupi n\u00eb t\u00eb cilin do t\u00eb garoj\u00eb Shqip\u00ebria \u00ebsht\u00eb shum\u00eb i fort\u00eb, por assesi nuk duhet t\u00eb themi se \u00ebsht\u00eb i pakaluesh\u00ebm\u201d, ka th\u00ebn\u00eb Morina, sipas t\u00eb cilit n\u00ebse komb\u00ebtarja punon shum\u00eb n\u00eb aspektin psikik gjith\u00e7ka \u00ebsht\u00eb e mundshme.<\/p>\n<p>\u201cUn\u00eb besoj se k\u00ebt\u00eb her\u00eb trajneri do t\u00eb orientohet n\u00eb ata futbollist\u00eb q\u00eb kan\u00eb paraqitje konstante n\u00eb skuadrat e tyre e assesi t\u00eb mb\u00ebshtetemi n\u00eb futbollist\u00ebt q\u00eb n\u00eb klubet e tyre kan\u00eb minutazh\u00eb t\u00eb vog\u00ebl. Nj\u00eb p\u00ebrpar\u00ebsi n\u00eb k\u00ebt\u00eb rast \u00ebsht\u00eb se p\u00ebrballja me komb\u00ebtare t\u00eb forta t\u00eb jep motiv t\u00eb madh dhe lojtar\u00ebt gjithmon\u00eb luajn\u00eb m\u00eb mir\u00eb kur e kan\u00eb nj\u00eb kund\u00ebrshtar t\u00eb fort\u00eb, por p\u00ebr t\u00eb k\u00ebrkuar rezultatet duhet nj\u00eb kompakt\u00ebsi sidomos nga ana psikologjike\u201d, vler\u00ebsoi Morina.<\/p>\n<p>Duhet pranuar se Shqip\u00ebria edhe n\u00eb k\u00ebto eliminatore nuk do t\u00eb hyj\u00eb me shum\u00eb ndryshime. FSHF-ja, pavar\u00ebsisht d\u00ebshtimit n\u00eb eliminator\u00ebt e kampionatit bot\u00ebror vendosi t\u2019ia vazhdoj\u00eb kontrat\u00ebn teknikut italian dhe kjo na b\u00ebn skeptik se mund ta shohim nj\u00eb Shqip\u00ebri ndryshe.<\/p>\n<p>\u201cArmando Duka p\u00ebrve\u00e7 q\u00eb i vazhdoi kontrat\u00ebn De Biasit ai s\u00eb paku \u00ebsht\u00eb dashur t\u2019i angazhoj\u00eb 4-5 trajner\u00eb shqiptar\u00eb rreth tij, t\u00eb cil\u00ebt do t\u00eb p\u00ebrgatiteshin q\u00eb n\u00eb nj\u00eb t\u00eb ardhme t\u00eb af\u00ebrt t\u00eb udh\u00ebheqin komb\u00ebtaren edhe t\u00eb grupmoshave por edhe k\u00ebt\u00eb t\u00eb par\u00ebn\u201d, tha Morina, duke folur m\u00eb pas edhe p\u00ebr kund\u00ebrshtar\u00ebt e Shqip\u00ebris\u00eb n\u00eb k\u00ebt\u00eb grup.<\/p>\n<p>\u201cDanimarka \u00ebsht\u00eb nj\u00eb p\u00ebrfaq\u00ebsuese me lojtar\u00eb q\u00eb luajn\u00eb n\u00ebp\u00ebr ekipe t\u00eb njohura evropiane. Edhe Serbia gjithashtu, madje kjo e fundit pas d\u00ebshtimit n\u00eb kualifikimet p\u00ebr bot\u00ebror do t\u00eb mundohet me \u00e7do kusht t\u00eb k\u00ebrkoj\u00eb evropianin.<\/p>\n<p>Ata jan\u00eb t\u00eb vet\u00ebdijsh\u00ebm p\u00ebr humbjen e milionave p\u00ebr moskualifikim dhe p\u00ebrve\u00e7 k\u00ebsaj kan\u00eb nj\u00eb fond tejet t\u00eb madh t\u00eb lojtar\u00ebve. Edhe Armenia q\u00eb po vler\u00ebsohet si kund\u00ebrshtar i leht\u00eb, ka lojtar\u00eb q\u00eb luajn\u00eb n\u00ebp\u00ebr Bundeslig\u00eb e kampionate tjera, k\u00ebshtu q\u00eb as k\u00ebtu nuk do t\u00eb jet\u00eb leht\u00eb\u201d, p\u00ebrfundoi Arbnor Morina.<\/p>\n<p>T\u00eb nj\u00ebjtin mendim ka edhe trajneri Gani Sejdiu, sipas tij, kjo qasje e trajnerit nuk i takon nj\u00eb profesionalizmi.<\/p>\n<p>\u201c\u00cbsht\u00eb keq kur qysh n\u00eb start trajneri del me deklarata pesimiste dhe ai mundohet qysh tash ta justifikoj\u00eb d\u00ebshtimin. K\u00ebshtu nuk b\u00ebn, komb\u00ebtarja duhet t\u00eb ket\u00eb qasje pozitive dhe t\u00eb hyj\u00eb me mentalitet fitues e assesi inferior. Ne e dim\u00eb cil\u00ebsin\u00eb e kund\u00ebrshtar\u00ebve, por n\u00ebse ne dor\u00ebzohemi q\u00eb n\u00eb start \u00ebsht\u00eb shum\u00eb keq\u201d, tha Sejdiu.<\/p>\n<p>\u201cNj\u00eb tjet\u00ebr gj\u00eb q\u00eb duhet t\u00eb ndryshohet \u00ebsht\u00eb eksperimenti me ekip. N\u00eb eliminatoret e kaluar kemi par\u00eb shum\u00eb eksperimente, kjo nuk t\u00eb jep siguri. Trajneri qysh tash duhet t\u00eb p\u00ebrcaktohet p\u00ebr krijimin e nj\u00eb grupi me t\u00eb cil\u00ebt do t\u00eb mb\u00ebshtetet e jo t\u00eb ndryshoj\u00eb skuadr\u00ebn n\u00eb \u00e7do loj\u00eb. Un\u00eb them se \u00ebsht\u00eb grup i v\u00ebshtir\u00eb por jo edhe i pakaluesh\u00ebm vet\u00ebm se duhet besim n\u00eb sukses\u201d, p\u00ebrfundoi Gani Sejdiu.\/zeri\/<\/p>\n","protected":false},"excerpt":{"rendered":"<p>Menj\u00ebher\u00eb pas konfirmimit t\u00eb kund\u00ebrshtar\u00ebve p\u00ebr eliminator\u00ebt e evropianit 2016, taborit kuqezi, p\u00ebrkat\u00ebsisht trajnerit t\u00eb saj Gianni de Biassit, sikur iu pren\u00eb k\u00ebmb\u00ebn dhe thuajse i humbi t\u00eb gjitha gjasat p\u00ebr nj\u00eb kualifikim t\u00eb mundsh\u00ebm. Kjo ka b\u00ebr\u00eb q\u00eb njoh\u00ebsit e futbollit ta vler\u00ebsojn\u00eb komb\u00ebtaret shqiptare si t\u00eb dob\u00ebt n\u00eb aspektin psikik dhe se me [&hellip;]<\/p>\n","protected":false},"author":1,"featured_media":62342,"comment_status":"open","ping_status":"open","sticky":false,"template":"","format":"standard","meta":{"footnotes":""},"categories":[7],"tags":[],"class_list":["post-5606","post","type-post","status-publish","format-standard","has-post-thumbnail","hentry","category-sport"],"_links":{"self":[{"href":"https:\/\/prizrenpost.com\/al\/wp-json\/wp\/v2\/posts\/5606","targetHints":{"allow":["GET"]}}],"collection":[{"href":"https:\/\/prizrenpost.com\/al\/wp-json\/wp\/v2\/posts"}],"about":[{"href":"https:\/\/prizrenpost.com\/al\/wp-json\/wp\/v2\/types\/post"}],"author":[{"embeddable":true,"href":"https:\/\/prizrenpost.com\/al\/wp-json\/wp\/v2\/users\/1"}],"replies":[{"embeddable":true,"href":"https:\/\/prizrenpost.com\/al\/wp-json\/wp\/v2\/comments?post=5606"}],"version-history":[{"count":1,"href":"https:\/\/prizrenpost.com\/al\/wp-json\/wp\/v2\/posts\/5606\/revisions"}],"predecessor-version":[{"id":62343,"href":"https:\/\/prizrenpost.com\/al\/wp-json\/wp\/v2\/posts\/5606\/revisions\/62343"}],"wp:featuredmedia":[{"embeddable":true,"href":"https:\/\/prizrenpost.com\/al\/wp-json\/wp\/v2\/media\/62342"}],"wp:attachment":[{"href":"https:\/\/prizrenpost.com\/al\/wp-json\/wp\/v2\/media?parent=5606"}],"wp:term":[{"taxonomy":"category","embeddable":true,"href":"https:\/\/prizrenpost.com\/al\/wp-json\/wp\/v2\/categories?post=5606"},{"taxonomy":"post_tag","embeddable":true,"href":"https:\/\/prizrenpost.com\/al\/wp-json\/wp\/v2\/tags?post=5606"}],"curies":[{"name":"wp","href":"https:\/\/api.w.org\/{rel}","templated":true}]}}