{"id":56110,"date":"2019-07-26T22:53:25","date_gmt":"2019-07-26T20:53:25","guid":{"rendered":"https:\/\/prizrenpost.com\/al\/?p=56110"},"modified":"2021-06-25T15:32:08","modified_gmt":"2021-06-25T13:32:08","slug":"per-opoziten-do-kisha-qendruar-ne-pushtet-edhe-dhjete-vite","status":"publish","type":"post","link":"https:\/\/prizrenpost.com\/al\/per-opoziten-do-kisha-qendruar-ne-pushtet-edhe-dhjete-vite\/","title":{"rendered":"P\u00ebr opozit\u00ebn do kisha q\u00ebndruar n\u00eb pushtet edhe dhjet\u00eb vite"},"content":{"rendered":"<p><img decoding=\"async\" src=\"https:\/\/prizrenpost.com\/al\/wp-content\/uploads\/2019\/07\/haradinaj.png\" alt=\"\" width=\"100%\" height=\"\" class=\"alignleft size-full wp-image-56111\" srcset=\"https:\/\/prizrenpost.com\/al\/wp-content\/uploads\/2019\/07\/haradinaj.png 551w, https:\/\/prizrenpost.com\/al\/wp-content\/uploads\/2019\/07\/haradinaj-300x169.png 300w\" sizes=\"(max-width: 551px) 100vw, 551px\" \/><\/p>\n<p><strong>PRISHTIN\u00cb &#8211; Ramush Haradinaj ka th\u00ebn\u00eb se nuk ka pasur presion p\u00ebr t\u2019u dor\u00ebhequr nga pozita e t\u00eb parit t\u00eb qeveris\u00eb.<\/strong><\/p>\n<p>Haradinaj, n\u00eb \u201cDebat Plus\u201d me Ermal Pandurin n\u00eb RTV Dukagjini, ka th\u00ebn\u00eb se p\u00ebr opozit\u00ebn ai do t\u00eb kishte q\u00ebndruar n\u00eb pushtet edhe p\u00ebr dhjet\u00eb vite tjera.<\/p>\n<p>\u201cProblemi \u00ebsht\u00eb se un\u00eb u ftova si i dyshuar. T\u00eb ftohesh edhe si kryeminist\u00ebr i dyshuar e tani t\u00eb shkosh n\u00eb cil\u00ebsin\u00eb e kryeministrit n\u00eb dialog \u00ebsht\u00eb presedan jo i mir\u00eb. \u00cbsht\u00eb nj\u00eb presedan m\u00eb t\u00eb zbut\u00eb dhe pastaj me k\u00ebrkua largimin e taks\u00ebs dhe ndjekjen e nj\u00eb agjende \u00e7far\u00eb ata d\u00ebshirojn\u00eb\u201d.<\/p>\n<p>Haradinaj ka th\u00ebn\u00eb se pavar\u00ebsisht pozit\u00ebs q\u00eb mund t\u00eb ket\u00eb pas zgjedhjeve demarkacioni me Malin e Zi tashm\u00eb ka marr\u00eb form\u00eb dhe \u00ebsht\u00eb duke shkuar n\u00eb drejtimin e duhur. Ai ka th\u00ebn\u00eb se kufiri do t\u00eb kthehet aty ku ka qen\u00eb.<\/p>\n","protected":false},"excerpt":{"rendered":"<p>PRISHTIN\u00cb &#8211; Ramush Haradinaj ka th\u00ebn\u00eb se nuk ka pasur presion p\u00ebr t\u2019u dor\u00ebhequr nga pozita e t\u00eb parit t\u00eb qeveris\u00eb. Haradinaj, n\u00eb \u201cDebat Plus\u201d me Ermal Pandurin n\u00eb RTV Dukagjini, ka th\u00ebn\u00eb se p\u00ebr opozit\u00ebn ai do t\u00eb kishte q\u00ebndruar n\u00eb pushtet edhe p\u00ebr dhjet\u00eb vite tjera. \u201cProblemi \u00ebsht\u00eb se un\u00eb u ftova si [&hellip;]<\/p>\n","protected":false},"author":1,"featured_media":56111,"comment_status":"open","ping_status":"open","sticky":false,"template":"","format":"standard","meta":{"footnotes":""},"categories":[1],"tags":[48,697,1140],"class_list":["post-56110","post","type-post","status-publish","format-standard","has-post-thumbnail","hentry","category-lajme","tag-kosove","tag-opozita","tag-ramush-haradinaj"],"_links":{"self":[{"href":"https:\/\/prizrenpost.com\/al\/wp-json\/wp\/v2\/posts\/56110","targetHints":{"allow":["GET"]}}],"collection":[{"href":"https:\/\/prizrenpost.com\/al\/wp-json\/wp\/v2\/posts"}],"about":[{"href":"https:\/\/prizrenpost.com\/al\/wp-json\/wp\/v2\/types\/post"}],"author":[{"embeddable":true,"href":"https:\/\/prizrenpost.com\/al\/wp-json\/wp\/v2\/users\/1"}],"replies":[{"embeddable":true,"href":"https:\/\/prizrenpost.com\/al\/wp-json\/wp\/v2\/comments?post=56110"}],"version-history":[{"count":1,"href":"https:\/\/prizrenpost.com\/al\/wp-json\/wp\/v2\/posts\/56110\/revisions"}],"predecessor-version":[{"id":63919,"href":"https:\/\/prizrenpost.com\/al\/wp-json\/wp\/v2\/posts\/56110\/revisions\/63919"}],"wp:featuredmedia":[{"embeddable":true,"href":"https:\/\/prizrenpost.com\/al\/wp-json\/wp\/v2\/media\/56111"}],"wp:attachment":[{"href":"https:\/\/prizrenpost.com\/al\/wp-json\/wp\/v2\/media?parent=56110"}],"wp:term":[{"taxonomy":"category","embeddable":true,"href":"https:\/\/prizrenpost.com\/al\/wp-json\/wp\/v2\/categories?post=56110"},{"taxonomy":"post_tag","embeddable":true,"href":"https:\/\/prizrenpost.com\/al\/wp-json\/wp\/v2\/tags?post=56110"}],"curies":[{"name":"wp","href":"https:\/\/api.w.org\/{rel}","templated":true}]}}