{"id":56159,"date":"2019-08-02T10:01:25","date_gmt":"2019-08-02T08:01:25","guid":{"rendered":"https:\/\/prizrenpost.com\/al\/?p=56159"},"modified":"2021-06-25T15:32:07","modified_gmt":"2021-06-25T13:32:07","slug":"kosoves-i-duhet-nje-qeveri-e-re-per-ta-hequr-taksen","status":"publish","type":"post","link":"https:\/\/prizrenpost.com\/al\/kosoves-i-duhet-nje-qeveri-e-re-per-ta-hequr-taksen\/","title":{"rendered":"Kosov\u00ebs i duhet nj\u00eb qeveri e re p\u00ebr ta hequr taks\u00ebn"},"content":{"rendered":"<p><img decoding=\"async\" src=\"https:\/\/prizrenpost.com\/al\/wp-content\/uploads\/2019\/08\/palmer.jpg\" alt=\"\" width=\"100%\" height=\"\" class=\"alignleft size-full wp-image-56160\" srcset=\"https:\/\/prizrenpost.com\/al\/wp-content\/uploads\/2019\/08\/palmer.jpg 884w, https:\/\/prizrenpost.com\/al\/wp-content\/uploads\/2019\/08\/palmer-300x181.jpg 300w, https:\/\/prizrenpost.com\/al\/wp-content\/uploads\/2019\/08\/palmer-768x462.jpg 768w\" sizes=\"(max-width: 884px) 100vw, 884px\" \/><\/p>\n<p><strong>WASHINGTON &#8211; Gj\u00ebja m\u00eb e r\u00ebnd\u00ebsishme tani \u00ebsht\u00eb q\u00eb Kosova t\u00eb ket\u00eb nj\u00eb qeveri t\u00eb re sa m\u00eb shpejt q\u00eb t\u00eb jet\u00eb e mundur dhe q\u00eb ajo qeveri t\u00eb b\u00ebj\u00eb gjith\u00e7ka q\u00eb \u00ebsht\u00eb e nevojshme p\u00ebr t\u00eb vazhduar dialogun me Beogradin, p\u00ebrfshir\u00eb heqjen e taks\u00ebs p\u00ebr mallrat nga Serbia dhe Bosnja dhe Hercegovina.<\/strong><\/p>\n<p>K\u00ebshtu ka deklaruar z\u00ebvend\u00ebsndihm\u00ebs Sekretar amerikan i Shtetit p\u00ebr \u00c7\u00ebshtjet e Evrop\u00ebs dhe Euroazis\u00eb, Matthew Palmer p\u00ebr \u201cZ\u00ebrin e Amerik\u00ebs\u201d, transmeton Klan Kosova.<\/p>\n<p>\u201cShpresojm\u00eb q\u00eb kjo t\u00eb zgjidhet s\u00eb shpejti\u201d, tha Palmer.<\/p>\n<p>Duke folur p\u00ebr vazhdimin e bisedimeve Beograd-Prishtin\u00eb, ai tha se askush nuk do t\u00eb detyrohet t\u00eb b\u00ebj\u00eb di\u00e7ka q\u00eb nuk duhet b\u00ebj\u00eb, por q\u00eb SHBA-t\u00eb do t\u00eb d\u00ebshironin q\u00eb bisedimet \u201ct\u00eb zhvillohen me mir\u00ebbesim dhe t\u00eb shkojn\u00eb drejt nj\u00eb marr\u00ebveshjeje q\u00eb \u00e7on n\u00eb njohje t\u00eb nd\u00ebrsjell\u00eb t\u00eb Serbis\u00eb dhe Kosov\u00ebs dhe hap rrug\u00ebn p\u00ebr n\u00eb Evrop\u00eb \u201c.<\/p>\n<p>\u201cShtetet e Bashkuara nuk do t\u00eb diktojn\u00eb q\u00ebllimin e negociatave\u201d, tha diplomati amerikan dhe shfaqi shpres\u00ebn se\u201dBeogradi dhe Prishtina do t\u00eb jen\u00eb n\u00eb gjendje t\u00eb gjejn\u00eb rrug\u00ebn e tyre p\u00ebrs\u00ebri n\u00eb tryez\u00ebn e bisedimeve dhe pastaj t\u00eb gjejn\u00eb nj\u00eb zgjidhje reciprokisht t\u00eb pranueshme q\u00eb do t\u00eb rezultoj\u00eb n\u00eb normalizimin e plot\u00eb t\u00eb marr\u00ebdh\u00ebnieve\u201d.<\/p>\n<p>Sipas Palmer, marr\u00ebveshja q\u00eb duhet t\u00eb arrihet duhet t\u00eb jet\u00eb gjith\u00ebp\u00ebrfshir\u00ebse, ajo duhet t\u00eb ket\u00eb nj\u00eb komponent politik, sigurie, ekonomik, tregtar, kulturor.<\/p>\n","protected":false},"excerpt":{"rendered":"<p>WASHINGTON &#8211; Gj\u00ebja m\u00eb e r\u00ebnd\u00ebsishme tani \u00ebsht\u00eb q\u00eb Kosova t\u00eb ket\u00eb nj\u00eb qeveri t\u00eb re sa m\u00eb shpejt q\u00eb t\u00eb jet\u00eb e mundur dhe q\u00eb ajo qeveri t\u00eb b\u00ebj\u00eb gjith\u00e7ka q\u00eb \u00ebsht\u00eb e nevojshme p\u00ebr t\u00eb vazhduar dialogun me Beogradin, p\u00ebrfshir\u00eb heqjen e taks\u00ebs p\u00ebr mallrat nga Serbia dhe Bosnja dhe Hercegovina. K\u00ebshtu ka [&hellip;]<\/p>\n","protected":false},"author":1,"featured_media":56160,"comment_status":"open","ping_status":"open","sticky":false,"template":"","format":"standard","meta":{"footnotes":""},"categories":[1],"tags":[3803,2361,287,4614,799,4970],"class_list":["post-56159","post","type-post","status-publish","format-standard","has-post-thumbnail","hentry","category-lajme","tag-aktuale","tag-amerika","tag-kosova","tag-metthew-palmer","tag-serbia","tag-taksa-100"],"_links":{"self":[{"href":"https:\/\/prizrenpost.com\/al\/wp-json\/wp\/v2\/posts\/56159","targetHints":{"allow":["GET"]}}],"collection":[{"href":"https:\/\/prizrenpost.com\/al\/wp-json\/wp\/v2\/posts"}],"about":[{"href":"https:\/\/prizrenpost.com\/al\/wp-json\/wp\/v2\/types\/post"}],"author":[{"embeddable":true,"href":"https:\/\/prizrenpost.com\/al\/wp-json\/wp\/v2\/users\/1"}],"replies":[{"embeddable":true,"href":"https:\/\/prizrenpost.com\/al\/wp-json\/wp\/v2\/comments?post=56159"}],"version-history":[{"count":1,"href":"https:\/\/prizrenpost.com\/al\/wp-json\/wp\/v2\/posts\/56159\/revisions"}],"predecessor-version":[{"id":63909,"href":"https:\/\/prizrenpost.com\/al\/wp-json\/wp\/v2\/posts\/56159\/revisions\/63909"}],"wp:featuredmedia":[{"embeddable":true,"href":"https:\/\/prizrenpost.com\/al\/wp-json\/wp\/v2\/media\/56160"}],"wp:attachment":[{"href":"https:\/\/prizrenpost.com\/al\/wp-json\/wp\/v2\/media?parent=56159"}],"wp:term":[{"taxonomy":"category","embeddable":true,"href":"https:\/\/prizrenpost.com\/al\/wp-json\/wp\/v2\/categories?post=56159"},{"taxonomy":"post_tag","embeddable":true,"href":"https:\/\/prizrenpost.com\/al\/wp-json\/wp\/v2\/tags?post=56159"}],"curies":[{"name":"wp","href":"https:\/\/api.w.org\/{rel}","templated":true}]}}