{"id":56214,"date":"2019-08-08T20:49:01","date_gmt":"2019-08-08T18:49:01","guid":{"rendered":"https:\/\/prizrenpost.com\/al\/?p=56214"},"modified":"2021-06-25T15:32:06","modified_gmt":"2021-06-25T13:32:06","slug":"sot-filloi-aksioni-dhe-fushata-vetedijesuese-per-pastrimin-e-qytetit","status":"publish","type":"post","link":"https:\/\/prizrenpost.com\/al\/sot-filloi-aksioni-dhe-fushata-vetedijesuese-per-pastrimin-e-qytetit\/","title":{"rendered":"Sot filloi aksioni dhe fushata vet\u00ebdijesuese p\u00ebr pastrimin e qytetit"},"content":{"rendered":"<p><img decoding=\"async\" src=\"https:\/\/prizrenpost.com\/al\/wp-content\/uploads\/2019\/08\/pastrim.jpg\" alt=\"\" width=\"100%\" height=\"\" class=\"alignleft size-full wp-image-56215\" srcset=\"https:\/\/prizrenpost.com\/al\/wp-content\/uploads\/2019\/08\/pastrim.jpg 960w, https:\/\/prizrenpost.com\/al\/wp-content\/uploads\/2019\/08\/pastrim-300x200.jpg 300w, https:\/\/prizrenpost.com\/al\/wp-content\/uploads\/2019\/08\/pastrim-768x513.jpg 768w\" sizes=\"(max-width: 960px) 100vw, 960px\" \/><\/p>\n<p><strong>PRIZREN &#8211; Komuna e Prizrenit sot filloi aksionin dhe fushat\u00ebn vet\u00ebdijesuese p\u00ebr pastrimin e qytetit, i cili u inicua p\u00ebr shkak t\u00eb gjendjes s\u00eb p\u00ebrkeq\u00ebsuar si pasoj\u00eb e bllokimit t\u00eb procesit p\u00ebr kontraktimin e kompanive p\u00ebr pastrim.<\/strong><\/p>\n<p>K\u00ebtij aksioni sot iu bashkangjit\u00ebn edhe kryetari i Komun\u00ebs s\u00eb Prizrenit Mytaher Haskuka, drejtori i Drejtoris\u00eb s\u00eb Sh\u00ebrbimeve Publike Levent Kas\u00ebmi, si dhe p\u00ebrfaq\u00ebsuesit e institucioneve, kompanive dhe OJQ-ve t\u00eb ndryshme vullnetare.<\/p>\n<p>N\u00eb nj\u00eb fjal\u00eb rasti kryetari Haskuka deklaroi se p\u00ebrkund\u00ebr asaj q\u00eb gjat\u00eb k\u00ebsaj kohe Prizreni po frekuentohet nga nj\u00eb num\u00ebr i madh i vizitor\u00ebve, kjo Komun\u00eb q\u00eb nga muaji mars ka probleme me kontraktimin e kompanive p\u00ebr pastrimin e qytetit dhe mir\u00ebmbajtjen e hap\u00ebsirave t\u00eb gjelbra.<\/p>\n<p>\u201cShpresoj q\u00eb kjo bllokad\u00eb tanim\u00eb t\u00eb p\u00ebrfundoj\u00eb dhe q\u00eb Organi Shqyrtues i Prokurimit t\u00eb mos zgjas\u00eb m\u00eb shum\u00eb k\u00ebt\u00eb proces, sepse kjo q\u00eb ne po k\u00ebrkojm\u00eb nga ky organ nuk \u00ebsht\u00eb luks, por nevoj\u00eb bazike p\u00ebr Komun\u00ebn e Prizrenit\u201d, tha Haskuka.<\/p>\n<p><img decoding=\"async\" src=\"https:\/\/prizrenpost.com\/al\/wp-content\/uploads\/2019\/08\/pastrimi-2.jpg\" alt=\"\" width=\"100%\" height=\"\" class=\"alignnone size-full wp-image-56216\" srcset=\"https:\/\/prizrenpost.com\/al\/wp-content\/uploads\/2019\/08\/pastrimi-2.jpg 960w, https:\/\/prizrenpost.com\/al\/wp-content\/uploads\/2019\/08\/pastrimi-2-300x200.jpg 300w, https:\/\/prizrenpost.com\/al\/wp-content\/uploads\/2019\/08\/pastrimi-2-768x512.jpg 768w\" sizes=\"(max-width: 960px) 100vw, 960px\" \/><\/p>\n<p>Kryetari Haskuka po ashtu deklaroi se tanim\u00eb do t\u00eb fillohet edhe me gjoba mandatore kund\u00ebr atyre q\u00eb do t\u00eb hedhin mbeturina n\u00eb hap\u00ebsira publike.<\/p>\n<p>Ky aksion do t\u00eb zgjas\u00eb deri t\u00eb shtun\u00ebn, me \u00e7\u2019rast do t\u00eb b\u00ebhet largimi i pikave ilegale, pastrimi, fshierja dhe kositja n\u00eb 20 lokacione, p\u00ebrfshir\u00eb lagjet e ndryshme dhe zonat periferike t\u00eb qytetit.<\/p>\n<p><img decoding=\"async\" src=\"https:\/\/prizrenpost.com\/al\/wp-content\/uploads\/2019\/08\/pastrimi-haskuka.jpg\" alt=\"\" width=\"100%\" height=\"\" class=\"alignnone size-full wp-image-56217\" srcset=\"https:\/\/prizrenpost.com\/al\/wp-content\/uploads\/2019\/08\/pastrimi-haskuka.jpg 960w, https:\/\/prizrenpost.com\/al\/wp-content\/uploads\/2019\/08\/pastrimi-haskuka-300x200.jpg 300w, https:\/\/prizrenpost.com\/al\/wp-content\/uploads\/2019\/08\/pastrimi-haskuka-768x513.jpg 768w\" sizes=\"(max-width: 960px) 100vw, 960px\" \/><\/p>\n","protected":false},"excerpt":{"rendered":"<p>PRIZREN &#8211; Komuna e Prizrenit sot filloi aksionin dhe fushat\u00ebn vet\u00ebdijesuese p\u00ebr pastrimin e qytetit, i cili u inicua p\u00ebr shkak t\u00eb gjendjes s\u00eb p\u00ebrkeq\u00ebsuar si pasoj\u00eb e bllokimit t\u00eb procesit p\u00ebr kontraktimin e kompanive p\u00ebr pastrim. K\u00ebtij aksioni sot iu bashkangjit\u00ebn edhe kryetari i Komun\u00ebs s\u00eb Prizrenit Mytaher Haskuka, drejtori i Drejtoris\u00eb s\u00eb Sh\u00ebrbimeve [&hellip;]<\/p>\n","protected":false},"author":1,"featured_media":56217,"comment_status":"open","ping_status":"open","sticky":false,"template":"","format":"standard","meta":{"footnotes":""},"categories":[1,22],"tags":[1278,3803,2653,4116,5435,41],"class_list":["post-56214","post","type-post","status-publish","format-standard","has-post-thumbnail","hentry","category-lajme","category-prizren","tag-aksion","tag-aktuale","tag-komuna","tag-mytaher-haskuka","tag-pastrimi","tag-prizren"],"_links":{"self":[{"href":"https:\/\/prizrenpost.com\/al\/wp-json\/wp\/v2\/posts\/56214","targetHints":{"allow":["GET"]}}],"collection":[{"href":"https:\/\/prizrenpost.com\/al\/wp-json\/wp\/v2\/posts"}],"about":[{"href":"https:\/\/prizrenpost.com\/al\/wp-json\/wp\/v2\/types\/post"}],"author":[{"embeddable":true,"href":"https:\/\/prizrenpost.com\/al\/wp-json\/wp\/v2\/users\/1"}],"replies":[{"embeddable":true,"href":"https:\/\/prizrenpost.com\/al\/wp-json\/wp\/v2\/comments?post=56214"}],"version-history":[{"count":1,"href":"https:\/\/prizrenpost.com\/al\/wp-json\/wp\/v2\/posts\/56214\/revisions"}],"predecessor-version":[{"id":63899,"href":"https:\/\/prizrenpost.com\/al\/wp-json\/wp\/v2\/posts\/56214\/revisions\/63899"}],"wp:featuredmedia":[{"embeddable":true,"href":"https:\/\/prizrenpost.com\/al\/wp-json\/wp\/v2\/media\/56217"}],"wp:attachment":[{"href":"https:\/\/prizrenpost.com\/al\/wp-json\/wp\/v2\/media?parent=56214"}],"wp:term":[{"taxonomy":"category","embeddable":true,"href":"https:\/\/prizrenpost.com\/al\/wp-json\/wp\/v2\/categories?post=56214"},{"taxonomy":"post_tag","embeddable":true,"href":"https:\/\/prizrenpost.com\/al\/wp-json\/wp\/v2\/tags?post=56214"}],"curies":[{"name":"wp","href":"https:\/\/api.w.org\/{rel}","templated":true}]}}