{"id":56230,"date":"2019-08-13T12:48:08","date_gmt":"2019-08-13T10:48:08","guid":{"rendered":"https:\/\/prizrenpost.com\/al\/?p=56230"},"modified":"2021-06-25T15:32:06","modified_gmt":"2021-06-25T13:32:06","slug":"kerkojne-nga-kosova-qe-menjehere-ta-heq-taksen-per-mallrat-serbe","status":"publish","type":"post","link":"https:\/\/prizrenpost.com\/al\/kerkojne-nga-kosova-qe-menjehere-ta-heq-taksen-per-mallrat-serbe\/","title":{"rendered":"K\u00ebrkojn\u00eb nga Kosova q\u00eb menj\u00ebher\u00eb ta heq taks\u00ebn p\u00ebr mallrat serbe"},"content":{"rendered":"<p><img decoding=\"async\" src=\"https:\/\/prizrenpost.com\/al\/wp-content\/uploads\/2019\/08\/taksa.jpg\" alt=\"\" width=\"100%\" height=\"\" class=\"alignleft size-full wp-image-56232\" srcset=\"https:\/\/prizrenpost.com\/al\/wp-content\/uploads\/2019\/08\/taksa.jpg 633w, https:\/\/prizrenpost.com\/al\/wp-content\/uploads\/2019\/08\/taksa-300x164.jpg 300w\" sizes=\"(max-width: 633px) 100vw, 633px\" \/><\/p>\n<p><strong>PRISHTIN\u00cb &#8211; Qeverit\u00eb e Franc\u00ebs, Gjermanis\u00eb, Italis\u00eb, Mbret\u00ebris\u00eb s\u00eb Bashkuar dhe Shteteve t\u00eb Bashkuara t\u00eb Amerik\u00ebs jan\u00eb t\u00eb bashkuara n\u00eb q\u00ebllimin p\u00ebr t\u00eb par\u00eb normalizimin e plot\u00eb t\u00eb marr\u00ebdh\u00ebnieve nd\u00ebrmjet Kosov\u00ebs dhe Serbis\u00eb p\u00ebrmes arritjes s\u00eb nj\u00eb marr\u00ebveshjeje gjith\u00ebp\u00ebrfshir\u00ebse, politikisht t\u00eb q\u00ebndrueshme dhe ligj\u00ebrisht detyruese q\u00eb i kontribuon stabilitetit rajonal.<\/strong> <\/p>\n<p>Status quo pengon p\u00ebrparimin e Kosov\u00ebs dhe Serbis\u00eb n\u00eb rrug\u00ebn e tyre drejt Bashkimit Evropian (BE) dhe thjesht\u00eb nuk \u00ebsht\u00eb e q\u00ebndrueshme. Pas viteve t\u00eb t\u00ebra t\u00eb ngecjes ka ardhur koha q\u00eb m\u00eb n\u00eb fund t\u00eb p\u00ebrmbyllen konfliktet e viteve t\u00eb 90-ta dhe t\u00eb ofrohet nj\u00eb e ardhme e sigurt\u00eb dhe e begatshme p\u00ebr qytetar\u00ebt e Kosov\u00ebs dhe t\u00eb Serbis\u00eb duke negociuar n\u00eb mir\u00ebbesim nj\u00eb marr\u00ebveshje q\u00eb mund ta mb\u00ebshtesin t\u00eb dy pal\u00ebt.<\/p>\n<p>Prandaj, i b\u00ebjm\u00eb thirrje Kosov\u00ebs dhe Serbis\u00eb q\u00eb menj\u00ebher\u00eb t\u00eb rifillojn\u00eb dialogun e udh\u00ebhequr nga BE-ja dhe k\u00ebrkojm\u00eb nga t\u00eb dy pal\u00ebt t\u00eb shmangin veprime q\u00eb do t\u00eb pengonin nj\u00eb marr\u00ebveshje p\u00ebrfundimtare, e cila \u00ebsht\u00eb e nevojshme p\u00ebr t\u00eb dy vendet p\u00ebr t\u00eb arritur integrim m\u00eb t\u00eb madh euro-atlantik dhe p\u00ebrfitimet p\u00ebrcjell\u00ebse.<\/p>\n<p>Ne jemi t\u00eb gatsh\u00ebm t\u00eb forcojm\u00eb rolin ton\u00eb n\u00eb k\u00ebt\u00eb proces n\u00eb p\u00ebrkrahje t\u00eb P\u00ebrfaq\u00ebsuesit t\u00eb Lart\u00eb t\u00eb BE-s\u00eb, por mund ta b\u00ebjm\u00eb nj\u00eb gj\u00eb t\u00eb till\u00eb vet\u00ebm kur ju t\u00eb jepni shenja t\u00eb gatishm\u00ebris\u00eb p\u00ebr kompromis, p\u00ebr heqjen e pengesave dhe rifillimin e bisedimeve. P\u00ebr Kosov\u00ebn, kjo n\u00ebnkupton heqjen e taksave t\u00eb vendosura ndaj Serbis\u00eb. P\u00ebr Serbin\u00eb, kjo n\u00ebnkupton nd\u00ebrprerjen e fushat\u00ebs p\u00ebr heqjen e njohjeve kund\u00ebr Kosov\u00ebs.<\/p>\n<p>Ne d\u00ebshirojm\u00eb t\u00eb shohim q\u00eb njer\u00ebzit e Kosov\u00ebs dhe t\u00eb Serbis\u00eb t\u00eb p\u00ebrfitojn\u00eb nga paqja e q\u00ebndrueshme dhe t\u00eb ken\u00eb mund\u00ebsi t\u00eb nd\u00ebrtojn\u00eb t\u00eb ardhmen e tyre. Jemi t\u00eb gatsh\u00ebm t\u00eb ndihmojm\u00eb n\u00eb \u00e7far\u00ebdo m\u00ebnyre.<\/p>\n","protected":false},"excerpt":{"rendered":"<p>PRISHTIN\u00cb &#8211; Qeverit\u00eb e Franc\u00ebs, Gjermanis\u00eb, Italis\u00eb, Mbret\u00ebris\u00eb s\u00eb Bashkuar dhe Shteteve t\u00eb Bashkuara t\u00eb Amerik\u00ebs jan\u00eb t\u00eb bashkuara n\u00eb q\u00ebllimin p\u00ebr t\u00eb par\u00eb normalizimin e plot\u00eb t\u00eb marr\u00ebdh\u00ebnieve nd\u00ebrmjet Kosov\u00ebs dhe Serbis\u00eb p\u00ebrmes arritjes s\u00eb nj\u00eb marr\u00ebveshjeje gjith\u00ebp\u00ebrfshir\u00ebse, politikisht t\u00eb q\u00ebndrueshme dhe ligj\u00ebrisht detyruese q\u00eb i kontribuon stabilitetit rajonal. Status quo pengon p\u00ebrparimin e [&hellip;]<\/p>\n","protected":false},"author":1,"featured_media":56232,"comment_status":"open","ping_status":"open","sticky":false,"template":"","format":"standard","meta":{"footnotes":""},"categories":[1],"tags":[3803,287,799,5436,4970],"class_list":["post-56230","post","type-post","status-publish","format-standard","has-post-thumbnail","hentry","category-lajme","tag-aktuale","tag-kosova","tag-serbia","tag-shtetet-e-quintit","tag-taksa-100"],"_links":{"self":[{"href":"https:\/\/prizrenpost.com\/al\/wp-json\/wp\/v2\/posts\/56230","targetHints":{"allow":["GET"]}}],"collection":[{"href":"https:\/\/prizrenpost.com\/al\/wp-json\/wp\/v2\/posts"}],"about":[{"href":"https:\/\/prizrenpost.com\/al\/wp-json\/wp\/v2\/types\/post"}],"author":[{"embeddable":true,"href":"https:\/\/prizrenpost.com\/al\/wp-json\/wp\/v2\/users\/1"}],"replies":[{"embeddable":true,"href":"https:\/\/prizrenpost.com\/al\/wp-json\/wp\/v2\/comments?post=56230"}],"version-history":[{"count":1,"href":"https:\/\/prizrenpost.com\/al\/wp-json\/wp\/v2\/posts\/56230\/revisions"}],"predecessor-version":[{"id":63897,"href":"https:\/\/prizrenpost.com\/al\/wp-json\/wp\/v2\/posts\/56230\/revisions\/63897"}],"wp:featuredmedia":[{"embeddable":true,"href":"https:\/\/prizrenpost.com\/al\/wp-json\/wp\/v2\/media\/56232"}],"wp:attachment":[{"href":"https:\/\/prizrenpost.com\/al\/wp-json\/wp\/v2\/media?parent=56230"}],"wp:term":[{"taxonomy":"category","embeddable":true,"href":"https:\/\/prizrenpost.com\/al\/wp-json\/wp\/v2\/categories?post=56230"},{"taxonomy":"post_tag","embeddable":true,"href":"https:\/\/prizrenpost.com\/al\/wp-json\/wp\/v2\/tags?post=56230"}],"curies":[{"name":"wp","href":"https:\/\/api.w.org\/{rel}","templated":true}]}}