{"id":56322,"date":"2019-08-21T20:24:31","date_gmt":"2019-08-21T18:24:31","guid":{"rendered":"https:\/\/prizrenpost.com\/al\/?p=56322"},"modified":"2021-06-25T15:32:03","modified_gmt":"2021-06-25T13:32:03","slug":"haskuka-mireqenia-e-qytetareve-eshte-nje-prej-prioriteteve-kryesore-te-komunes","status":"publish","type":"post","link":"https:\/\/prizrenpost.com\/al\/haskuka-mireqenia-e-qytetareve-eshte-nje-prej-prioriteteve-kryesore-te-komunes\/","title":{"rendered":"Haskuka: Mir\u00ebqenia e qytetar\u00ebve \u00ebsht\u00eb nj\u00eb prej prioriteteve kryesore t\u00eb Komun\u00ebs"},"content":{"rendered":"<p><img decoding=\"async\" src=\"https:\/\/prizrenpost.com\/al\/wp-content\/uploads\/2019\/08\/haskuka-1.jpg\" alt=\"\" width=\"100%\" height=\"\" class=\"alignleft size-full wp-image-56323\" srcset=\"https:\/\/prizrenpost.com\/al\/wp-content\/uploads\/2019\/08\/haskuka-1.jpg 960w, https:\/\/prizrenpost.com\/al\/wp-content\/uploads\/2019\/08\/haskuka-1-300x200.jpg 300w, https:\/\/prizrenpost.com\/al\/wp-content\/uploads\/2019\/08\/haskuka-1-768x513.jpg 768w\" sizes=\"(max-width: 960px) 100vw, 960px\" \/><\/p>\n<p><strong>PRIZREN &#8211; Mir\u00ebqenia e qytetar\u00ebve dhe p\u00ebrmir\u00ebsimi i kushteve t\u00eb jetes\u00ebs s\u00eb tyre, e sidomos t\u00eb atyre n\u00eb nevoj\u00eb, \u00ebsht\u00eb nj\u00eb prej prioriteteve kryesore t\u00eb Komun\u00ebs s\u00eb Prizrenit, njoftoi kryetari Haskuka p\u00ebrmes rrjeteve sociale.<\/strong> <\/p>\n<p>Kryetari i Komun\u00ebs s\u00eb Prizrenit Mytaher Haskuka sot vizitoi punimet q\u00eb po realizohen p\u00ebr nd\u00ebrtimin e sht\u00ebpive, nj\u00ebkoh\u00ebsisht edhe vizitoi edhe sht\u00ebpit\u00eb q\u00eb jan\u00eb nd\u00ebrtuar gjat\u00eb vitit t\u00eb kaluar.<\/p>\n<p>Ai tha se gjat\u00eb k\u00ebtij viti do t\u00eb nd\u00ebrtohen 59 sht\u00ebpi, poashtu do t\u00eb b\u00ebhet meremetimi i 31 sht\u00ebpive dhe t\u00eb 40 kulmeve, duke prekur k\u00ebshtu n\u00eb jet\u00ebn e gjithsejt 130 familjeve q\u00eb jetojn\u00eb n\u00eb kushte t\u00eb v\u00ebshtira.<\/p>\n","protected":false},"excerpt":{"rendered":"<p>PRIZREN &#8211; Mir\u00ebqenia e qytetar\u00ebve dhe p\u00ebrmir\u00ebsimi i kushteve t\u00eb jetes\u00ebs s\u00eb tyre, e sidomos t\u00eb atyre n\u00eb nevoj\u00eb, \u00ebsht\u00eb nj\u00eb prej prioriteteve kryesore t\u00eb Komun\u00ebs s\u00eb Prizrenit, njoftoi kryetari Haskuka p\u00ebrmes rrjeteve sociale. Kryetari i Komun\u00ebs s\u00eb Prizrenit Mytaher Haskuka sot vizitoi punimet q\u00eb po realizohen p\u00ebr nd\u00ebrtimin e sht\u00ebpive, nj\u00ebkoh\u00ebsisht edhe vizitoi edhe [&hellip;]<\/p>\n","protected":false},"author":1,"featured_media":56323,"comment_status":"open","ping_status":"open","sticky":false,"template":"","format":"standard","meta":{"footnotes":""},"categories":[1,22],"tags":[3803,2597,4116,41],"class_list":["post-56322","post","type-post","status-publish","format-standard","has-post-thumbnail","hentry","category-lajme","category-prizren","tag-aktuale","tag-komuna-e-prizrenit","tag-mytaher-haskuka","tag-prizren"],"_links":{"self":[{"href":"https:\/\/prizrenpost.com\/al\/wp-json\/wp\/v2\/posts\/56322","targetHints":{"allow":["GET"]}}],"collection":[{"href":"https:\/\/prizrenpost.com\/al\/wp-json\/wp\/v2\/posts"}],"about":[{"href":"https:\/\/prizrenpost.com\/al\/wp-json\/wp\/v2\/types\/post"}],"author":[{"embeddable":true,"href":"https:\/\/prizrenpost.com\/al\/wp-json\/wp\/v2\/users\/1"}],"replies":[{"embeddable":true,"href":"https:\/\/prizrenpost.com\/al\/wp-json\/wp\/v2\/comments?post=56322"}],"version-history":[{"count":1,"href":"https:\/\/prizrenpost.com\/al\/wp-json\/wp\/v2\/posts\/56322\/revisions"}],"predecessor-version":[{"id":63876,"href":"https:\/\/prizrenpost.com\/al\/wp-json\/wp\/v2\/posts\/56322\/revisions\/63876"}],"wp:featuredmedia":[{"embeddable":true,"href":"https:\/\/prizrenpost.com\/al\/wp-json\/wp\/v2\/media\/56323"}],"wp:attachment":[{"href":"https:\/\/prizrenpost.com\/al\/wp-json\/wp\/v2\/media?parent=56322"}],"wp:term":[{"taxonomy":"category","embeddable":true,"href":"https:\/\/prizrenpost.com\/al\/wp-json\/wp\/v2\/categories?post=56322"},{"taxonomy":"post_tag","embeddable":true,"href":"https:\/\/prizrenpost.com\/al\/wp-json\/wp\/v2\/tags?post=56322"}],"curies":[{"name":"wp","href":"https:\/\/api.w.org\/{rel}","templated":true}]}}