{"id":56371,"date":"2019-08-29T09:21:49","date_gmt":"2019-08-29T07:21:49","guid":{"rendered":"https:\/\/prizrenpost.com\/al\/?p=56371"},"modified":"2021-06-25T15:32:02","modified_gmt":"2021-06-25T13:32:02","slug":"koalicione-mund-te-kete-ne-minutat-e-fundit","status":"publish","type":"post","link":"https:\/\/prizrenpost.com\/al\/koalicione-mund-te-kete-ne-minutat-e-fundit\/","title":{"rendered":"Koalicione mund t\u00eb ket\u00eb n\u00eb minutat e fundit!"},"content":{"rendered":"<p><img decoding=\"async\" src=\"https:\/\/prizrenpost.com\/al\/wp-content\/uploads\/2019\/08\/zgjedhjet.jpg\" alt=\"\" width=\"100%\" height=\"\" class=\"alignleft size-full wp-image-56372\" srcset=\"https:\/\/prizrenpost.com\/al\/wp-content\/uploads\/2019\/08\/zgjedhjet.jpg 1000w, https:\/\/prizrenpost.com\/al\/wp-content\/uploads\/2019\/08\/zgjedhjet-300x190.jpg 300w, https:\/\/prizrenpost.com\/al\/wp-content\/uploads\/2019\/08\/zgjedhjet-768x485.jpg 768w\" sizes=\"(max-width: 1000px) 100vw, 1000px\" \/><\/p>\n<p><strong>PRISHTIN\u00cb &#8211; Njoh\u00ebsit e rrethanave politike n\u00eb vend, Shk\u00eblzen Maliqi dhe Imer Mushkolaj, kan\u00eb folur p\u00ebr mund\u00ebsin\u00eb e koalicioneve parazgjedhore n\u00eb minutat e fundit.<\/strong><\/p>\n<p>Ata kan\u00eb th\u00ebn\u00eb se lidhja e koalicioneve parazgjedhore n\u00eb minutat e fundit \u00ebsht\u00eb e mundshme.<\/p>\n<p>Maliqi dhe Mushkolaj kan\u00eb vler\u00ebsuar se skenari i vitit 2017, ku n\u00eb dit\u00ebn e fundit u n\u00ebnshkruan dy koalicione parazgjedhore, mund ta nxis\u00eb s\u00ebrish \u00e7do l\u00ebvizje t\u00eb partive politike nga blloqet aktuale politike, shkruan Epoka e Re.<\/p>\n<p>Komisioni Qendror i Zgjedhjeve (KQZ) ka vendosur q\u00eb afati i fundit p\u00ebr regjistrimin e koalicioneve parazgjedhore do t\u00eb jet\u00eb data 30 gusht.<\/p>\n<p>\u201cAktualisht duket sikur kat\u00ebr subjektet m\u00eb t\u00eb fuqishme preferojn\u00eb t\u00eb garojn\u00eb ndaras, secila me shpres\u00ebn se do t\u00eb dal\u00eb subjekt m\u00eb i votuar. Por, sherri s\u00ebrish q\u00ebndron te mund\u00ebsia e lidhjes s\u00eb koalicioneve n\u00eb \u00e7ast t\u00eb fundit\u201d, ka deklaruar Maliqi.<\/p>\n<p>\u201cSkena politike n\u00eb Kosov\u00eb zakonisht di t\u00eb servoj\u00eb befasi n\u00eb \u00e7astet e fundit. Nuk p\u00ebrjashtohet mund\u00ebsia e koalicioneve\u201d, ka deklaruar Mushkolaj.<\/p>\n","protected":false},"excerpt":{"rendered":"<p>PRISHTIN\u00cb &#8211; Njoh\u00ebsit e rrethanave politike n\u00eb vend, Shk\u00eblzen Maliqi dhe Imer Mushkolaj, kan\u00eb folur p\u00ebr mund\u00ebsin\u00eb e koalicioneve parazgjedhore n\u00eb minutat e fundit. Ata kan\u00eb th\u00ebn\u00eb se lidhja e koalicioneve parazgjedhore n\u00eb minutat e fundit \u00ebsht\u00eb e mundshme. Maliqi dhe Mushkolaj kan\u00eb vler\u00ebsuar se skenari i vitit 2017, ku n\u00eb dit\u00ebn e fundit u [&hellip;]<\/p>\n","protected":false},"author":1,"featured_media":56372,"comment_status":"open","ping_status":"open","sticky":false,"template":"","format":"standard","meta":{"footnotes":""},"categories":[1],"tags":[3803,3835,48,1143],"class_list":["post-56371","post","type-post","status-publish","format-standard","has-post-thumbnail","hentry","category-lajme","tag-aktuale","tag-koalicion-parazgjedhor","tag-kosove","tag-zgjedhjet"],"_links":{"self":[{"href":"https:\/\/prizrenpost.com\/al\/wp-json\/wp\/v2\/posts\/56371","targetHints":{"allow":["GET"]}}],"collection":[{"href":"https:\/\/prizrenpost.com\/al\/wp-json\/wp\/v2\/posts"}],"about":[{"href":"https:\/\/prizrenpost.com\/al\/wp-json\/wp\/v2\/types\/post"}],"author":[{"embeddable":true,"href":"https:\/\/prizrenpost.com\/al\/wp-json\/wp\/v2\/users\/1"}],"replies":[{"embeddable":true,"href":"https:\/\/prizrenpost.com\/al\/wp-json\/wp\/v2\/comments?post=56371"}],"version-history":[{"count":1,"href":"https:\/\/prizrenpost.com\/al\/wp-json\/wp\/v2\/posts\/56371\/revisions"}],"predecessor-version":[{"id":63867,"href":"https:\/\/prizrenpost.com\/al\/wp-json\/wp\/v2\/posts\/56371\/revisions\/63867"}],"wp:featuredmedia":[{"embeddable":true,"href":"https:\/\/prizrenpost.com\/al\/wp-json\/wp\/v2\/media\/56372"}],"wp:attachment":[{"href":"https:\/\/prizrenpost.com\/al\/wp-json\/wp\/v2\/media?parent=56371"}],"wp:term":[{"taxonomy":"category","embeddable":true,"href":"https:\/\/prizrenpost.com\/al\/wp-json\/wp\/v2\/categories?post=56371"},{"taxonomy":"post_tag","embeddable":true,"href":"https:\/\/prizrenpost.com\/al\/wp-json\/wp\/v2\/tags?post=56371"}],"curies":[{"name":"wp","href":"https:\/\/api.w.org\/{rel}","templated":true}]}}