{"id":5638,"date":"2014-02-27T16:30:33","date_gmt":"2014-02-27T15:30:33","guid":{"rendered":"http:\/\/prizrenpost.com\/al\/?p=5638"},"modified":"2021-01-17T14:07:17","modified_gmt":"2021-01-17T13:07:17","slug":"thaci-e-quan-historike-marreveshjen-kosove-serbi","status":"publish","type":"post","link":"https:\/\/prizrenpost.com\/al\/thaci-e-quan-historike-marreveshjen-kosove-serbi\/","title":{"rendered":"Tha\u00e7i e quan historike marr\u00ebveshjen Kosov\u00eb-Serbi"},"content":{"rendered":"<p><img decoding=\"async\" src=\"https:\/\/prizrenpost.com\/al\/wp-content\/uploads\/2014\/02\/kurz-thaci.jpg\" alt=\"\" width=\"100%\" height=\"\" class=\"alignleft size-full wp-image-62321\" srcset=\"https:\/\/prizrenpost.com\/al\/wp-content\/uploads\/2014\/02\/kurz-thaci.jpg 640w, https:\/\/prizrenpost.com\/al\/wp-content\/uploads\/2014\/02\/kurz-thaci-300x169.jpg 300w\" sizes=\"(max-width: 640px) 100vw, 640px\" \/><\/p>\n<p><strong>Prishtin\u00eb, 27 shkurt &#8211; Arritja e marr\u00ebveshjes nd\u00ebrshtet\u00ebrore mes Kosov\u00ebs dhe Serbis\u00eb, \u00ebsht\u00eb nj\u00eb e arritur historike, q\u00eb do t\u00eb ndikoj\u00eb substancialisht n\u00eb integrimin e rajonit n\u00eb Bashkimin Evropian.<\/strong><\/p>\n<p>K\u00ebto komente kryeministri Hashim Tha\u00e7i i b\u00ebri n\u00eb takimin me ministrin e Pun\u00ebve t\u00eb Jashtme t\u00eb Austris\u00eb, Sebastian Kurz.<\/p>\n<p>N\u00eb takim \u00ebsht\u00eb biseduar p\u00ebr zhvillimet politike n\u00eb Kosov\u00eb dhe n\u00eb rajon, p\u00ebr marr\u00ebdh\u00ebniet nd\u00ebrshtet\u00ebrore mes Kosov\u00ebs dhe Austris\u00eb dhe p\u00ebr perspektiv\u00ebn evropiane dhe euroatlantike t\u00eb Kosov\u00ebs.<\/p>\n<p>Tha\u00e7i i shprehu ministrit t\u00eb Pun\u00ebve t\u00eb Jashtme t\u00eb Austris\u00eb, Sebastian Kurz mir\u00ebnjohjen e thell\u00eb p\u00ebr mb\u00ebshtetjen q\u00eb Qeveria e Austris\u00eb i ka dh\u00ebn\u00eb Kosov\u00ebs n\u00eb t\u00eb gjitha periudhat, q\u00eb nga periudha e \u00e7lirimit dhe pavar\u00ebsimit t\u00eb Kosov\u00ebs dhe tani n\u00eb periudh\u00ebn e integrimit dhe zhvillimit.<\/p>\n<p>Duke folur p\u00ebr marr\u00ebdh\u00ebniet nd\u00ebrshtet\u00ebrore mes Kosov\u00ebs dhe Austris\u00eb, Tha\u00e7i i vler\u00ebsoi lart\u00eb ato dhe shprehu vullnetin e Qeveris\u00eb dhe t\u00eb gjitha institucioneve kosovare p\u00ebr thellimin e m\u00ebtejm\u00eb t\u00eb bashk\u00ebpunimit mes dy vendeve.<\/p>\n<p>Marr\u00ebveshjen nd\u00ebrshtet\u00ebrore mes Kosov\u00ebs dhe Serbis\u00eb e quajti t\u00eb arritur historike.<\/p>\n","protected":false},"excerpt":{"rendered":"<p>Prishtin\u00eb, 27 shkurt &#8211; Arritja e marr\u00ebveshjes nd\u00ebrshtet\u00ebrore mes Kosov\u00ebs dhe Serbis\u00eb, \u00ebsht\u00eb nj\u00eb e arritur historike, q\u00eb do t\u00eb ndikoj\u00eb substancialisht n\u00eb integrimin e rajonit n\u00eb Bashkimin Evropian. K\u00ebto komente kryeministri Hashim Tha\u00e7i i b\u00ebri n\u00eb takimin me ministrin e Pun\u00ebve t\u00eb Jashtme t\u00eb Austris\u00eb, Sebastian Kurz. N\u00eb takim \u00ebsht\u00eb biseduar p\u00ebr zhvillimet politike [&hellip;]<\/p>\n","protected":false},"author":1,"featured_media":62321,"comment_status":"open","ping_status":"open","sticky":false,"template":"","format":"standard","meta":{"footnotes":""},"categories":[1],"tags":[1178,862,287,4258],"class_list":["post-5638","post","type-post","status-publish","format-standard","has-post-thumbnail","hentry","category-lajme","tag-austria","tag-hashim-thaci","tag-kosova","tag-sebastian-kurz"],"_links":{"self":[{"href":"https:\/\/prizrenpost.com\/al\/wp-json\/wp\/v2\/posts\/5638","targetHints":{"allow":["GET"]}}],"collection":[{"href":"https:\/\/prizrenpost.com\/al\/wp-json\/wp\/v2\/posts"}],"about":[{"href":"https:\/\/prizrenpost.com\/al\/wp-json\/wp\/v2\/types\/post"}],"author":[{"embeddable":true,"href":"https:\/\/prizrenpost.com\/al\/wp-json\/wp\/v2\/users\/1"}],"replies":[{"embeddable":true,"href":"https:\/\/prizrenpost.com\/al\/wp-json\/wp\/v2\/comments?post=5638"}],"version-history":[{"count":1,"href":"https:\/\/prizrenpost.com\/al\/wp-json\/wp\/v2\/posts\/5638\/revisions"}],"predecessor-version":[{"id":62322,"href":"https:\/\/prizrenpost.com\/al\/wp-json\/wp\/v2\/posts\/5638\/revisions\/62322"}],"wp:featuredmedia":[{"embeddable":true,"href":"https:\/\/prizrenpost.com\/al\/wp-json\/wp\/v2\/media\/62321"}],"wp:attachment":[{"href":"https:\/\/prizrenpost.com\/al\/wp-json\/wp\/v2\/media?parent=5638"}],"wp:term":[{"taxonomy":"category","embeddable":true,"href":"https:\/\/prizrenpost.com\/al\/wp-json\/wp\/v2\/categories?post=5638"},{"taxonomy":"post_tag","embeddable":true,"href":"https:\/\/prizrenpost.com\/al\/wp-json\/wp\/v2\/tags?post=5638"}],"curies":[{"name":"wp","href":"https:\/\/api.w.org\/{rel}","templated":true}]}}