{"id":5642,"date":"2014-02-27T16:41:19","date_gmt":"2014-02-27T15:41:19","guid":{"rendered":"http:\/\/prizrenpost.com\/al\/?p=5642"},"modified":"2021-01-17T14:06:19","modified_gmt":"2021-01-17T13:06:19","slug":"ai-disa-vrasje-te-palestinezeve-nga-izraeli-jane-krime-lufte","status":"publish","type":"post","link":"https:\/\/prizrenpost.com\/al\/ai-disa-vrasje-te-palestinezeve-nga-izraeli-jane-krime-lufte\/","title":{"rendered":"AI: Disa vrasje t\u00eb palestin\u00ebzeve nga Izraeli jan\u00eb krime lufte"},"content":{"rendered":"<p><img decoding=\"async\" src=\"https:\/\/prizrenpost.com\/al\/wp-content\/uploads\/2014\/02\/image22.jpg\" alt=\"\" width=\"100%\" height=\"\" class=\"alignleft size-full wp-image-62318\" srcset=\"https:\/\/prizrenpost.com\/al\/wp-content\/uploads\/2014\/02\/image22.jpg 1200w, https:\/\/prizrenpost.com\/al\/wp-content\/uploads\/2014\/02\/image22-300x207.jpg 300w, https:\/\/prizrenpost.com\/al\/wp-content\/uploads\/2014\/02\/image22-1024x706.jpg 1024w, https:\/\/prizrenpost.com\/al\/wp-content\/uploads\/2014\/02\/image22-768x529.jpg 768w\" sizes=\"(max-width: 1200px) 100vw, 1200px\" \/><\/p>\n<p><strong>Tel Aviv, 27 shkurt &#8211; P\u00ebrdorimi i pamatur i forc\u00ebs nga ushtria dhe policia izraelite n\u00eb Bregun Per\u00ebndimor t\u00eb okupuar, ka rezultuar me vdekjen e 45 palestinez\u00eb n\u00eb tri vitet e fundit, dhe ato mund t\u00eb p\u00ebrb\u00ebjn\u00eb krime lufte, tha t\u00eb enjten Amnesty International.<\/strong><\/p>\n<p>Ky grup p\u00ebr t\u00eb drejtat e njeriut, thot\u00eb se nga janari i vitit 2011, 261 palestinez, n\u00eb mesin e t\u00eb cil\u00ebve jan\u00eb 67 t\u00eb mitur, jan\u00eb plagosur me arm\u00eb t\u00eb zjarrit. Afro 8,500, p\u00ebrfshir\u00eb 1,500 t\u00eb mitur, jan\u00eb plagosur nga plumbat e gom\u00ebs, plumba t\u00eb metalit dhe gazi lotsjell\u00ebs.<\/p>\n<p>\u201cN\u00eb disa prej k\u00ebtyre rasteve, q\u00eb Amnesty International i ka ekzaminuar dhe dokumentuar, del se palestinez\u00ebt e vrar\u00eb nga ushtria izraelite, ishin viktima t\u00eb vrasjeve q\u00ebllimshme, dhe n\u00ebse \u00ebsht\u00eb k\u00ebshtu, k\u00ebto vrasje do t\u00eb paraqisnin krime lufte\u201d, tha ky grup.<\/p>\n<p>Sipas k\u00ebsaj organizate, disa viktima jan\u00eb vrar\u00eb nga prapa \u201cq\u00eb sugjeron se ata ishin sh\u00ebnjest\u00ebr p\u00ebrderisa po iknin, dhe nuk ka p\u00ebrb\u00ebnin k\u00ebrc\u00ebnim real\u201d p\u00ebr forcat izraelite. Ky grup ka akuzuar Izraelin q\u00eb ka d\u00ebshtuar t\u00eb hetoj\u00eb si duhet k\u00ebto raste t\u00eb p\u00ebrdorimit t\u00eb jasht\u00ebligjsh\u00ebm t\u00eb forc\u00ebs, duke mos i nd\u00ebshkuar ushtar\u00ebt dhe policin\u00eb e vet. Amnesty International i ka b\u00ebr\u00eb thirrje Shteteve t\u00eb Bashkuara dhe Evrop\u00ebs q\u00eb t\u00eb pezulloj\u00eb t\u00eb gjith\u00eb transferin e municionit, arm\u00ebve dhe pajisjeve t\u00eb tejra Izraelit.<\/p>\n<p>Tel Avivi zyrtar nd\u00ebrkaq ka akuzuar k\u00ebt\u00eb grup p\u00ebr t\u00eb drejtat e njeriut, se po injoron dhun\u00ebn e palestinez\u00ebve dhe se \u201cka munges\u00eb t\u00eb kuptimit\u201d p\u00ebr sfidat operacionale me t\u00eb cilat p\u00ebrballet ushtria izraelite n\u00eb Bregun Per\u00ebndimor.\/zhurnal\/<\/p>\n","protected":false},"excerpt":{"rendered":"<p>Tel Aviv, 27 shkurt &#8211; P\u00ebrdorimi i pamatur i forc\u00ebs nga ushtria dhe policia izraelite n\u00eb Bregun Per\u00ebndimor t\u00eb okupuar, ka rezultuar me vdekjen e 45 palestinez\u00eb n\u00eb tri vitet e fundit, dhe ato mund t\u00eb p\u00ebrb\u00ebjn\u00eb krime lufte, tha t\u00eb enjten Amnesty International. Ky grup p\u00ebr t\u00eb drejtat e njeriut, thot\u00eb se nga janari [&hellip;]<\/p>\n","protected":false},"author":1,"featured_media":62318,"comment_status":"open","ping_status":"open","sticky":false,"template":"","format":"standard","meta":{"footnotes":""},"categories":[1],"tags":[4452,1378],"class_list":["post-5642","post","type-post","status-publish","format-standard","has-post-thumbnail","hentry","category-lajme","tag-amnesty-international","tag-izraeli"],"_links":{"self":[{"href":"https:\/\/prizrenpost.com\/al\/wp-json\/wp\/v2\/posts\/5642","targetHints":{"allow":["GET"]}}],"collection":[{"href":"https:\/\/prizrenpost.com\/al\/wp-json\/wp\/v2\/posts"}],"about":[{"href":"https:\/\/prizrenpost.com\/al\/wp-json\/wp\/v2\/types\/post"}],"author":[{"embeddable":true,"href":"https:\/\/prizrenpost.com\/al\/wp-json\/wp\/v2\/users\/1"}],"replies":[{"embeddable":true,"href":"https:\/\/prizrenpost.com\/al\/wp-json\/wp\/v2\/comments?post=5642"}],"version-history":[{"count":2,"href":"https:\/\/prizrenpost.com\/al\/wp-json\/wp\/v2\/posts\/5642\/revisions"}],"predecessor-version":[{"id":62319,"href":"https:\/\/prizrenpost.com\/al\/wp-json\/wp\/v2\/posts\/5642\/revisions\/62319"}],"wp:featuredmedia":[{"embeddable":true,"href":"https:\/\/prizrenpost.com\/al\/wp-json\/wp\/v2\/media\/62318"}],"wp:attachment":[{"href":"https:\/\/prizrenpost.com\/al\/wp-json\/wp\/v2\/media?parent=5642"}],"wp:term":[{"taxonomy":"category","embeddable":true,"href":"https:\/\/prizrenpost.com\/al\/wp-json\/wp\/v2\/categories?post=5642"},{"taxonomy":"post_tag","embeddable":true,"href":"https:\/\/prizrenpost.com\/al\/wp-json\/wp\/v2\/tags?post=5642"}],"curies":[{"name":"wp","href":"https:\/\/api.w.org\/{rel}","templated":true}]}}