{"id":56426,"date":"2019-08-30T15:09:43","date_gmt":"2019-08-30T13:09:43","guid":{"rendered":"https:\/\/prizrenpost.com\/al\/?p=56426"},"modified":"2021-06-25T15:32:01","modified_gmt":"2021-06-25T13:32:01","slug":"posti-i-kryeministrit-po-e-zhagit-marreveshjen-me-vv-ne","status":"publish","type":"post","link":"https:\/\/prizrenpost.com\/al\/posti-i-kryeministrit-po-e-zhagit-marreveshjen-me-vv-ne\/","title":{"rendered":"Posti i kryeministrit po e \u201czhagit\u201d marr\u00ebveshjen me VV-n\u00eb"},"content":{"rendered":"<p><img decoding=\"async\" src=\"https:\/\/prizrenpost.com\/al\/wp-content\/uploads\/2019\/08\/1FB04CE7-8068-4E91-BC61-9F484BD9C71A.png\" alt=\"\" width=\"100%\" height=\"\" class=\"alignleft size-full wp-image-56427\" srcset=\"https:\/\/prizrenpost.com\/al\/wp-content\/uploads\/2019\/08\/1FB04CE7-8068-4E91-BC61-9F484BD9C71A.png 780w, https:\/\/prizrenpost.com\/al\/wp-content\/uploads\/2019\/08\/1FB04CE7-8068-4E91-BC61-9F484BD9C71A-300x169.png 300w, https:\/\/prizrenpost.com\/al\/wp-content\/uploads\/2019\/08\/1FB04CE7-8068-4E91-BC61-9F484BD9C71A-768x432.png 768w\" sizes=\"(max-width: 780px) 100vw, 780px\" \/><\/p>\n<p><strong>PRISHTIN\u00cb &#8211; Kryetari i Lidhjes Demokratike t\u00eb Kosov\u00ebs, Isa Mustafa ka th\u00ebn\u00eb se ende nuk ka di\u00e7ka konkrete sa i p\u00ebrket koalicionit me L\u00ebvizjen Vet\u00ebvendosje.<\/strong><\/p>\n<p>Mustafa ka th\u00ebn\u00eb se \u00ebsht\u00eb posti i kryeministrit ai q\u00eb po e \u201czhagit\u201d marr\u00ebveshjen me VV-n\u00eb.<\/p>\n<p>Ai shtoi se me Vet\u00ebvendosjen kan\u00eb ide t\u00eb p\u00ebrbashk\u00ebta, por koalicioni b\u00ebhet vet\u00ebm n\u00eb nj\u00eb ambient ku LDK do ta kishte kryeministrin, duke shtuar se \u00e7do zgjidhje tjet\u00ebr i d\u00ebrgon n\u00eb rrug\u00ebn q\u00eb t\u00eb konkurrojn\u00eb ve\u00e7 e ve\u00e7.<\/p>\n<p>\u201cDje kam pas nj\u00eb takim me z.Kurti kemi biseduar pasatja kemi angazhuar edhe ekipet punuese q\u00eb t\u00eb shohim se \u00e7far\u00eb mund t\u00eb p\u00ebrafrohet sa i p\u00ebrket programit qeveris\u00ebs, organizimit t\u00eb qeveris\u00eb dhe orientimeve themelore q\u00eb ne si koalicion qeveris\u00ebs do ti kishim n\u00eb t\u00eb ardhmen, ka mbetur q\u00eb ata t\u00eb japin reflektimin e tyre me at\u00eb, akoma nuk kemi ndonj\u00eb p\u00ebrgjigje.<\/p>\n<p>Ne jemi p\u00ebrcaktuar q\u00eb koalicioni do t\u00eb jet\u00eb i mundsh\u00ebm, p\u00ebr t\u00eb cilin vler\u00ebsojm\u00eb se \u00ebsht\u00eb i mir\u00eb q\u00eb t\u00eb b\u00ebhet, por ajo duhet t\u00eb b\u00ebhet n\u00eb nj\u00eb ambient q\u00eb LDK-ja do ta kishte kryeministrin. \u00c7do zgjidhje tjet\u00ebr na qon n\u00eb at\u00eb q\u00eb t\u00eb konkurrojm\u00eb ve\u00e7 e ve\u00e7 dhe pasi q\u00eb t\u00eb p\u00ebrfundon procesi zgjedhor t\u00eb ulemi prap\u00eb dhe qeverin\u00eb ta drejtoj\u00eb ai q\u00eb ka shumic\u00ebn e deputet\u00ebve\u201d, ka th\u00ebn\u00eb Mustafa, transmeton Telegrafi.<\/p>\n<p>Ai tutje ka shtuar se n\u00ebse nuk do t\u00eb ken\u00eb koalicion parazgjedhor, kan\u00eb l\u00ebn\u00eb mund\u00ebsi q\u00eb koalicioni t\u00eb b\u00ebhet pas zgjedhjeve.<\/p>\n<p>\u201cN\u00eb t\u00eb gjitha bisedat kemi potencuar q\u00eb n\u00ebse tani nuk mund ta b\u00ebjm\u00eb koalicionin ne duam t\u00eb l\u00ebm\u00eb hap\u00ebsir\u00eb p\u00ebr koalicion pas zgjedhjeve. Ne nuk duam partner tjet\u00ebr pos VV-s\u00eb, nuk do t\u00eb b\u00ebjm\u00eb me ask\u00ebnd tjet\u00ebr koalicion\u201d, ka p\u00ebrfunduar Mustafa, njofton Telegrafi. <\/p>\n","protected":false},"excerpt":{"rendered":"<p>PRISHTIN\u00cb &#8211; Kryetari i Lidhjes Demokratike t\u00eb Kosov\u00ebs, Isa Mustafa ka th\u00ebn\u00eb se ende nuk ka di\u00e7ka konkrete sa i p\u00ebrket koalicionit me L\u00ebvizjen Vet\u00ebvendosje. Mustafa ka th\u00ebn\u00eb se \u00ebsht\u00eb posti i kryeministrit ai q\u00eb po e \u201czhagit\u201d marr\u00ebveshjen me VV-n\u00eb. Ai shtoi se me Vet\u00ebvendosjen kan\u00eb ide t\u00eb p\u00ebrbashk\u00ebta, por koalicioni b\u00ebhet vet\u00ebm n\u00eb [&hellip;]<\/p>\n","protected":false},"author":1,"featured_media":56427,"comment_status":"open","ping_status":"open","sticky":false,"template":"","format":"standard","meta":{"footnotes":""},"categories":[1],"tags":[3803,694,3835,48,1418,4027],"class_list":["post-56426","post","type-post","status-publish","format-standard","has-post-thumbnail","hentry","category-lajme","tag-aktuale","tag-isa-mustafa","tag-koalicion-parazgjedhor","tag-kosove","tag-ldk","tag-lvv"],"_links":{"self":[{"href":"https:\/\/prizrenpost.com\/al\/wp-json\/wp\/v2\/posts\/56426","targetHints":{"allow":["GET"]}}],"collection":[{"href":"https:\/\/prizrenpost.com\/al\/wp-json\/wp\/v2\/posts"}],"about":[{"href":"https:\/\/prizrenpost.com\/al\/wp-json\/wp\/v2\/types\/post"}],"author":[{"embeddable":true,"href":"https:\/\/prizrenpost.com\/al\/wp-json\/wp\/v2\/users\/1"}],"replies":[{"embeddable":true,"href":"https:\/\/prizrenpost.com\/al\/wp-json\/wp\/v2\/comments?post=56426"}],"version-history":[{"count":1,"href":"https:\/\/prizrenpost.com\/al\/wp-json\/wp\/v2\/posts\/56426\/revisions"}],"predecessor-version":[{"id":63855,"href":"https:\/\/prizrenpost.com\/al\/wp-json\/wp\/v2\/posts\/56426\/revisions\/63855"}],"wp:featuredmedia":[{"embeddable":true,"href":"https:\/\/prizrenpost.com\/al\/wp-json\/wp\/v2\/media\/56427"}],"wp:attachment":[{"href":"https:\/\/prizrenpost.com\/al\/wp-json\/wp\/v2\/media?parent=56426"}],"wp:term":[{"taxonomy":"category","embeddable":true,"href":"https:\/\/prizrenpost.com\/al\/wp-json\/wp\/v2\/categories?post=56426"},{"taxonomy":"post_tag","embeddable":true,"href":"https:\/\/prizrenpost.com\/al\/wp-json\/wp\/v2\/tags?post=56426"}],"curies":[{"name":"wp","href":"https:\/\/api.w.org\/{rel}","templated":true}]}}