{"id":5645,"date":"2014-02-27T16:49:09","date_gmt":"2014-02-27T15:49:09","guid":{"rendered":"http:\/\/prizrenpost.com\/al\/?p=5645"},"modified":"2021-01-17T14:04:01","modified_gmt":"2021-01-17T13:04:01","slug":"rummenigge-pep-autori-i-sukseseve-te-bayernit","status":"publish","type":"post","link":"https:\/\/prizrenpost.com\/al\/rummenigge-pep-autori-i-sukseseve-te-bayernit\/","title":{"rendered":"Rummenigge: Pep, autori i sukseseve t\u00eb Bayernit"},"content":{"rendered":"<p><img decoding=\"async\" src=\"https:\/\/prizrenpost.com\/al\/wp-content\/uploads\/2014\/02\/robben-guardiola.jpg\" alt=\"\" width=\"100%\" height=\"\" class=\"alignleft size-full wp-image-62313\" srcset=\"https:\/\/prizrenpost.com\/al\/wp-content\/uploads\/2014\/02\/robben-guardiola.jpg 656w, https:\/\/prizrenpost.com\/al\/wp-content\/uploads\/2014\/02\/robben-guardiola-300x179.jpg 300w\" sizes=\"(max-width: 656px) 100vw, 656px\" \/><\/p>\n<p><strong>Munih, 27 shkurt &#8211; Shefi ekzekutiv i Bayernit t\u00eb Mynihut i \u00ebsht\u00eb mir\u00ebnjoh\u00ebs Pep Guardiol\u00ebs, p\u00ebr t\u00eb cilin jep vler\u00ebsimet maksimale p\u00ebr sukseset e fundit dhe rritjen e popullaritetit t\u00eb bavarez\u00ebve. Ish tekniku i Bar\u00e7\u00ebs z\u00ebvend\u00ebsoi Heynckes pas nj\u00eb sezoni historik p\u00ebr gjerman\u00ebt me 3 trofe t\u00eb fituar dhe Rummenigge deri tani \u00ebsht\u00eb i impresionuar me pun\u00ebn e b\u00ebr\u00eb nga Guardiola.<\/strong><\/p>\n<p>\u201cBayerni \u00ebsht\u00eb me fat q\u00eb ka nj\u00eb njeri t\u00eb till\u00eb n\u00eb skuad\u00ebr. Pep kombinon kualitetin me pun\u00ebn n\u00eb nj\u00eb m\u00ebnyr\u00eb t\u00eb pakrahasueshme. Cdo gj\u00eb q\u00eb duket e leht\u00eb p\u00ebr publikun \u00ebsht\u00eb produkt i pun\u00ebs s\u00eb madhe q\u00eb b\u00ebhet n\u00eb ekip nga e H\u00ebna n\u00eb t\u00eb Premte. Intensiteti n\u00eb st\u00ebrvitje, di\u00e7ka q\u00eb un\u00eb e shikoj \u00e7do dit\u00eb nga dritarja e zyr\u00ebs sime, \u00ebsht\u00eb v\u00ebrtet mbres\u00ebl\u00ebn\u00ebs dhe nuk \u00ebsht\u00eb rast\u00ebsi q\u00eb po shkruajm\u00eb historin\u00eb\u201d.<\/p>\n<p>Kjo ishte nj\u00ebra an\u00eb e pun\u00ebs s\u00eb Guardiol\u00ebs, p\u00ebr t\u00eb cilat mori me t\u00eb drejt\u00eb elozhet nga Rummenigge. M\u00eb tej drejtuesi i lart\u00eb i klubit gjerman tha se spanjolli duhet vler\u00ebsuar p\u00ebr respektin ndaj kund\u00ebrshtarit dhe n\u00eb k\u00ebt\u00eb rast nuk \u00ebsht\u00eb d\u00ebgjuar asnj\u00eb fjal\u00eb e vetme arrogante nga goja e tij. Edhe popullariteti i Bayernit nuk kan\u00eb q\u00ebn\u00eb kurr\u00eb m\u00eb par\u00eb n\u00eb k\u00ebto nivele dhe s\u00ebrish medalja shkon p\u00ebr Guardiol\u00ebn, n\u00ebnvizoi n\u00eb fund Rummenigge.<\/p>\n","protected":false},"excerpt":{"rendered":"<p>Munih, 27 shkurt &#8211; Shefi ekzekutiv i Bayernit t\u00eb Mynihut i \u00ebsht\u00eb mir\u00ebnjoh\u00ebs Pep Guardiol\u00ebs, p\u00ebr t\u00eb cilin jep vler\u00ebsimet maksimale p\u00ebr sukseset e fundit dhe rritjen e popullaritetit t\u00eb bavarez\u00ebve. Ish tekniku i Bar\u00e7\u00ebs z\u00ebvend\u00ebsoi Heynckes pas nj\u00eb sezoni historik p\u00ebr gjerman\u00ebt me 3 trofe t\u00eb fituar dhe Rummenigge deri tani \u00ebsht\u00eb i impresionuar [&hellip;]<\/p>\n","protected":false},"author":1,"featured_media":62313,"comment_status":"open","ping_status":"open","sticky":false,"template":"","format":"standard","meta":{"footnotes":""},"categories":[7],"tags":[986,3257,5264,985],"class_list":["post-5645","post","type-post","status-publish","format-standard","has-post-thumbnail","hentry","category-sport","tag-bayern-munich","tag-bundesliga","tag-karl-heinz-rummenigge","tag-pep-guardiola"],"_links":{"self":[{"href":"https:\/\/prizrenpost.com\/al\/wp-json\/wp\/v2\/posts\/5645","targetHints":{"allow":["GET"]}}],"collection":[{"href":"https:\/\/prizrenpost.com\/al\/wp-json\/wp\/v2\/posts"}],"about":[{"href":"https:\/\/prizrenpost.com\/al\/wp-json\/wp\/v2\/types\/post"}],"author":[{"embeddable":true,"href":"https:\/\/prizrenpost.com\/al\/wp-json\/wp\/v2\/users\/1"}],"replies":[{"embeddable":true,"href":"https:\/\/prizrenpost.com\/al\/wp-json\/wp\/v2\/comments?post=5645"}],"version-history":[{"count":1,"href":"https:\/\/prizrenpost.com\/al\/wp-json\/wp\/v2\/posts\/5645\/revisions"}],"predecessor-version":[{"id":62314,"href":"https:\/\/prizrenpost.com\/al\/wp-json\/wp\/v2\/posts\/5645\/revisions\/62314"}],"wp:featuredmedia":[{"embeddable":true,"href":"https:\/\/prizrenpost.com\/al\/wp-json\/wp\/v2\/media\/62313"}],"wp:attachment":[{"href":"https:\/\/prizrenpost.com\/al\/wp-json\/wp\/v2\/media?parent=5645"}],"wp:term":[{"taxonomy":"category","embeddable":true,"href":"https:\/\/prizrenpost.com\/al\/wp-json\/wp\/v2\/categories?post=5645"},{"taxonomy":"post_tag","embeddable":true,"href":"https:\/\/prizrenpost.com\/al\/wp-json\/wp\/v2\/tags?post=5645"}],"curies":[{"name":"wp","href":"https:\/\/api.w.org\/{rel}","templated":true}]}}