{"id":5654,"date":"2014-02-27T17:13:38","date_gmt":"2014-02-27T16:13:38","guid":{"rendered":"http:\/\/prizrenpost.com\/al\/?p=5654"},"modified":"2021-01-17T14:00:52","modified_gmt":"2021-01-17T13:00:52","slug":"berisha-jua-rrezoj-qeverine-me-5-mije-protestues-video","status":"publish","type":"post","link":"https:\/\/prizrenpost.com\/al\/berisha-jua-rrezoj-qeverine-me-5-mije-protestues-video\/","title":{"rendered":"Berisha: Jua rr\u00ebzoj qeverin\u00eb me 5 mij\u00eb protestues [Video]"},"content":{"rendered":"<p><img decoding=\"async\" src=\"https:\/\/prizrenpost.com\/al\/wp-content\/uploads\/2014\/02\/sali-berisha.jpg\" alt=\"\" width=\"100%\" height=\"\" class=\"alignleft size-full wp-image-62303\" srcset=\"https:\/\/prizrenpost.com\/al\/wp-content\/uploads\/2014\/02\/sali-berisha.jpg 350w, https:\/\/prizrenpost.com\/al\/wp-content\/uploads\/2014\/02\/sali-berisha-300x218.jpg 300w\" sizes=\"(max-width: 350px) 100vw, 350px\" \/><\/p>\n<p><strong>Tiran\u00eb, 27 shkurt &#8211; Ish-kryeministri, Sali Berisha i ka b\u00ebr\u00eb thirrje qeveris\u00eb q\u00eb t\u00eb t\u00ebrhiqet nga vendimet \u201cantikushtetuese\u201d dhe vendimet &#8220;e padrejta\u201d. Berisha vuri theksin tek vendimi p\u00ebr heqjen e licencave p\u00ebr transportin e qytetar\u00ebve p\u00ebr furgon\u00ebt. Ai akuzoi qeverin\u00eb se po l\u00eb pa t\u00eb ardhura \u201c20 mij\u00eb familje&#8221;, me synimin p\u00ebr t\u00eb v\u00ebn\u00eb kompani monopol q\u00eb kan\u00eb lidhje me qeverin\u00eb. <\/strong><\/p>\n<p>Ish-kryeministri u b\u00ebri thirrje drejtuesve t\u00eb koalicionit qeveritar q\u00eb t\u00eb tregohen t\u00eb kujdessh\u00ebm me pushtetin q\u00eb mor\u00ebn nga zgjedhjet e 23 qershorit t\u00eb vitit t\u00eb kaluar sepse sovrani mund t\u2019ua marr\u00eb s\u00ebrish at\u00eb q\u00eb ua dha me vot\u00eb.<\/p>\n<p>\u201cA e dini ju mor zot\u00ebrinj, ai sovran q\u00eb \u00ebsht\u00eb aty, ai sovran q\u00eb po proteston aty (para Kuvendit), ai q\u00eb ishte n\u00eb protest\u00eb m\u00eb 20 shkurt, e b\u00ebn pluhur brenda pes\u00eb minutash. D\u00ebgjojeni mir\u00eb k\u00ebt\u00eb q\u00eb u them un\u00eb.\u201d<\/p>\n<p>I frym\u00ebzuar nga protestat n\u00eb Ukrain\u00eb q\u00eb soll\u00ebn rr\u00ebzimin e pushtetit t\u00eb Viktor Janukovi\u00e7it, Berisha k\u00ebrc\u00ebnoi n\u00eb sall\u00ebn e Kuvendit me trazira popullore.<\/p>\n<p>\u201cJu d\u00ebgjova t\u00eb b\u00ebnin komente se ishin 5 mij\u00eb dhe jo 150 mij\u00eb. Por, a e dini ju se 5 mij\u00eb nuk ka polici n\u00eb bot\u00eb q\u00eb t\u2019i p\u00ebrballoj\u00eb. Po ju jeni naiv\u00eb. A e dini ju se me 5 mij\u00eb nuk matet dot asnj\u00eb polici\u201d, u shpreh Berisha.<\/p>\n<p>\u201cNe ju themi k\u00ebtu se k\u00ebto veprime kan\u00eb nj\u00eb potencial t\u00eb jasht\u00ebzakonsh\u00ebm destabilizimi p\u00ebr vendin. Ne i themi k\u00ebtu atij t\u00eb cilit votat nuk i mori si energji pozitive p\u00ebr veten e tij, por si shuplak\u00eb ndaj nesh. I themi se kjo politik\u00eb \u00ebsht\u00eb antikomb\u00ebtar\u00eb, antiqytetare, antiintegrim. Por ju nuk keni interes integrimi por vet\u00ebm interesa pasurimi. At\u00ebher\u00eb \u00e7far\u00eb mbetet \u00e7far\u00eb na lidh ne me ju. Ne nuk bllokojm\u00eb dot vendimet tuaja. N\u00eb rast t\u00eb kund\u00ebr do na detyroni t\u00eb shkojm\u00eb aty ku nuk kemi dashur&#8221;, p\u00ebrfundoi ish-kryeministri.\/shekulli\/<\/p>\n<p><iframe loading=\"lazy\" frameborder=\"0\" width=\"690\" height=\"450\" src=\"http:\/\/www.dailymotion.com\/embed\/video\/x1dkwb5\" allowfullscreen><\/iframe><\/p>\n","protected":false},"excerpt":{"rendered":"<p>Tiran\u00eb, 27 shkurt &#8211; Ish-kryeministri, Sali Berisha i ka b\u00ebr\u00eb thirrje qeveris\u00eb q\u00eb t\u00eb t\u00ebrhiqet nga vendimet \u201cantikushtetuese\u201d dhe vendimet &#8220;e padrejta\u201d. Berisha vuri theksin tek vendimi p\u00ebr heqjen e licencave p\u00ebr transportin e qytetar\u00ebve p\u00ebr furgon\u00ebt. Ai akuzoi qeverin\u00eb se po l\u00eb pa t\u00eb ardhura \u201c20 mij\u00eb familje&#8221;, me synimin p\u00ebr t\u00eb v\u00ebn\u00eb kompani [&hellip;]<\/p>\n","protected":false},"author":1,"featured_media":62303,"comment_status":"open","ping_status":"open","sticky":false,"template":"","format":"standard","meta":{"footnotes":""},"categories":[1],"tags":[695,929,52],"class_list":["post-5654","post","type-post","status-publish","format-standard","has-post-thumbnail","hentry","category-lajme","tag-qeveria","tag-sali-berisha","tag-shqiperi"],"_links":{"self":[{"href":"https:\/\/prizrenpost.com\/al\/wp-json\/wp\/v2\/posts\/5654","targetHints":{"allow":["GET"]}}],"collection":[{"href":"https:\/\/prizrenpost.com\/al\/wp-json\/wp\/v2\/posts"}],"about":[{"href":"https:\/\/prizrenpost.com\/al\/wp-json\/wp\/v2\/types\/post"}],"author":[{"embeddable":true,"href":"https:\/\/prizrenpost.com\/al\/wp-json\/wp\/v2\/users\/1"}],"replies":[{"embeddable":true,"href":"https:\/\/prizrenpost.com\/al\/wp-json\/wp\/v2\/comments?post=5654"}],"version-history":[{"count":1,"href":"https:\/\/prizrenpost.com\/al\/wp-json\/wp\/v2\/posts\/5654\/revisions"}],"predecessor-version":[{"id":62304,"href":"https:\/\/prizrenpost.com\/al\/wp-json\/wp\/v2\/posts\/5654\/revisions\/62304"}],"wp:featuredmedia":[{"embeddable":true,"href":"https:\/\/prizrenpost.com\/al\/wp-json\/wp\/v2\/media\/62303"}],"wp:attachment":[{"href":"https:\/\/prizrenpost.com\/al\/wp-json\/wp\/v2\/media?parent=5654"}],"wp:term":[{"taxonomy":"category","embeddable":true,"href":"https:\/\/prizrenpost.com\/al\/wp-json\/wp\/v2\/categories?post=5654"},{"taxonomy":"post_tag","embeddable":true,"href":"https:\/\/prizrenpost.com\/al\/wp-json\/wp\/v2\/tags?post=5654"}],"curies":[{"name":"wp","href":"https:\/\/api.w.org\/{rel}","templated":true}]}}