{"id":56567,"date":"2019-09-30T14:30:47","date_gmt":"2019-09-30T12:30:47","guid":{"rendered":"https:\/\/prizrenpost.com\/al\/?p=56567"},"modified":"2021-06-25T15:31:59","modified_gmt":"2021-06-25T13:31:59","slug":"ffk-denoncon-ne-polici-shitjen-ilegale-te-fanellave","status":"publish","type":"post","link":"https:\/\/prizrenpost.com\/al\/ffk-denoncon-ne-polici-shitjen-ilegale-te-fanellave\/","title":{"rendered":"FFK denoncon n\u00eb polici shitjen ilegale t\u00eb fanellave"},"content":{"rendered":"<p><img decoding=\"async\" src=\"https:\/\/prizrenpost.com\/al\/wp-content\/uploads\/2019\/09\/fanella.jpg\" alt=\"\" width=\"100%\" height=\"\" class=\"alignleft size-full wp-image-56568\" srcset=\"https:\/\/prizrenpost.com\/al\/wp-content\/uploads\/2019\/09\/fanella.jpg 948w, https:\/\/prizrenpost.com\/al\/wp-content\/uploads\/2019\/09\/fanella-300x168.jpg 300w, https:\/\/prizrenpost.com\/al\/wp-content\/uploads\/2019\/09\/fanella-768x429.jpg 768w\" sizes=\"(max-width: 948px) 100vw, 948px\" \/><\/p>\n<p><strong>PRISHTIN\u00cb &#8211; Federata e Futbollit e Kosov\u00ebs njofton opinionin se ka denoncuar n\u00eb polici shitjen ilegale t\u00eb fanellave t\u00eb Komb\u00ebtares s\u00eb Kosov\u00ebs nga dyqane online n\u00eb rrjetet sociale.<\/strong><\/p>\n<p>FFK sqaron opinionin se falsifikimi i till\u00eb nuk do t\u00eb tolerohet n\u00eb asnj\u00eb m\u00ebnyr\u00eb dhe t\u00eb gjith\u00eb ata q\u00eb do t\u00eb b\u00ebjn\u00eb shitjen e till\u00eb t\u00eb fanellave do t\u00eb paraqiten n\u00eb prokurorin\u00eb e shtetit dhe n\u00eb agjensionin e t\u00eb drejtave autoriale dhe do t\u00eb d\u00ebnohen sipas ligjeve n\u00eb fuqi<\/p>\n","protected":false},"excerpt":{"rendered":"<p>PRISHTIN\u00cb &#8211; Federata e Futbollit e Kosov\u00ebs njofton opinionin se ka denoncuar n\u00eb polici shitjen ilegale t\u00eb fanellave t\u00eb Komb\u00ebtares s\u00eb Kosov\u00ebs nga dyqane online n\u00eb rrjetet sociale. FFK sqaron opinionin se falsifikimi i till\u00eb nuk do t\u00eb tolerohet n\u00eb asnj\u00eb m\u00ebnyr\u00eb dhe t\u00eb gjith\u00eb ata q\u00eb do t\u00eb b\u00ebjn\u00eb shitjen e till\u00eb t\u00eb fanellave [&hellip;]<\/p>\n","protected":false},"author":1,"featured_media":56568,"comment_status":"open","ping_status":"open","sticky":false,"template":"","format":"standard","meta":{"footnotes":""},"categories":[7],"tags":[3803,2014,4519,1879],"class_list":["post-56567","post","type-post","status-publish","format-standard","has-post-thumbnail","hentry","category-sport","tag-aktuale","tag-fanella","tag-federata-e-futbollit-e-kosoves","tag-ffk"],"_links":{"self":[{"href":"https:\/\/prizrenpost.com\/al\/wp-json\/wp\/v2\/posts\/56567","targetHints":{"allow":["GET"]}}],"collection":[{"href":"https:\/\/prizrenpost.com\/al\/wp-json\/wp\/v2\/posts"}],"about":[{"href":"https:\/\/prizrenpost.com\/al\/wp-json\/wp\/v2\/types\/post"}],"author":[{"embeddable":true,"href":"https:\/\/prizrenpost.com\/al\/wp-json\/wp\/v2\/users\/1"}],"replies":[{"embeddable":true,"href":"https:\/\/prizrenpost.com\/al\/wp-json\/wp\/v2\/comments?post=56567"}],"version-history":[{"count":1,"href":"https:\/\/prizrenpost.com\/al\/wp-json\/wp\/v2\/posts\/56567\/revisions"}],"predecessor-version":[{"id":63810,"href":"https:\/\/prizrenpost.com\/al\/wp-json\/wp\/v2\/posts\/56567\/revisions\/63810"}],"wp:featuredmedia":[{"embeddable":true,"href":"https:\/\/prizrenpost.com\/al\/wp-json\/wp\/v2\/media\/56568"}],"wp:attachment":[{"href":"https:\/\/prizrenpost.com\/al\/wp-json\/wp\/v2\/media?parent=56567"}],"wp:term":[{"taxonomy":"category","embeddable":true,"href":"https:\/\/prizrenpost.com\/al\/wp-json\/wp\/v2\/categories?post=56567"},{"taxonomy":"post_tag","embeddable":true,"href":"https:\/\/prizrenpost.com\/al\/wp-json\/wp\/v2\/tags?post=56567"}],"curies":[{"name":"wp","href":"https:\/\/api.w.org\/{rel}","templated":true}]}}