{"id":56632,"date":"2019-10-24T19:08:17","date_gmt":"2019-10-24T17:08:17","guid":{"rendered":"https:\/\/prizrenpost.com\/al\/?p=56632"},"modified":"2021-06-25T15:31:58","modified_gmt":"2021-06-25T13:31:58","slug":"ballkanit-partneritet-te-vecante-ne-vend-te-anetaresimit-njesoj-si-turqise-dikur","status":"publish","type":"post","link":"https:\/\/prizrenpost.com\/al\/ballkanit-partneritet-te-vecante-ne-vend-te-anetaresimit-njesoj-si-turqise-dikur\/","title":{"rendered":"Ballkanit partneritet t\u00eb ve\u00e7ant\u00eb n\u00eb vend t\u00eb an\u00ebtar\u00ebsimit, nj\u00ebsoj si Turqis\u00eb dikur"},"content":{"rendered":"<p><img decoding=\"async\" src=\"https:\/\/prizrenpost.com\/al\/wp-content\/uploads\/2019\/10\/macron.jpg\" alt=\"\" width=\"100%\" height=\"\" class=\"alignleft size-full wp-image-56633\" srcset=\"https:\/\/prizrenpost.com\/al\/wp-content\/uploads\/2019\/10\/macron.jpg 788w, https:\/\/prizrenpost.com\/al\/wp-content\/uploads\/2019\/10\/macron-300x169.jpg 300w, https:\/\/prizrenpost.com\/al\/wp-content\/uploads\/2019\/10\/macron-768x433.jpg 768w\" sizes=\"(max-width: 788px) 100vw, 788px\" \/><\/p>\n<p><strong>PARIS &#8211; Franca ka nisur konsultimet diplomatike n\u00eb m\u00ebnyr\u00eb jo-zyrtare p\u00ebr t\u2019i ofruar nj\u00eb lloj partneriteti t\u00eb ve\u00e7ant\u00eb vendeve t\u00eb Ballkanit, n\u00eb vend t\u00eb an\u00ebtar\u00ebsimit t\u00eb plot\u00eb n\u00eb BE.<\/strong><\/p>\n<p>Kjo marr\u00ebveshje do t\u00eb p\u00ebrfshinte mb\u00ebshtetje financiare, pranime n\u00eb disa tregje europiane dhe p\u00ebrpar\u00ebsi t\u00eb tjera q\u00eb do t\u2019i ofroheshin vendeve t\u00eb Ballkanit n\u00eb k\u00ebmbim t\u00eb largimit pa zhurm\u00eb nga ideja p\u00ebr an\u00ebtar\u00ebsim.<\/p>\n<p>Vendet e tjera t\u00eb BE-s\u00eb i kan\u00eb b\u00ebr\u00eb thirrje Franc\u00ebs t\u00eb t\u00ebrhiqet nga ky q\u00ebndrim kok\u00ebfort\u00eb e ta lejoj\u00eb Shqip\u00ebrin\u00eb dhe Maqedonin\u00eb e Veriut p\u00ebr t\u00eb vazhduar negociatat n\u00eb mars, gjat\u00eb samitit t\u00eb ardhsh\u00ebn, dhe problemet q\u00eb mbeten mund t\u2019i sqarojn\u00eb gjat\u00eb faz\u00ebs para hapjes s\u00eb negociatave.<\/p>\n<p>Kjo \u00ebsht\u00eb arsyeja se pse Maqedonia e Veriut i ka l\u00ebn\u00eb zgjedhjet p\u00ebr n\u00eb prill, p\u00ebr t\u00eb par\u00eb n\u00ebse BE-ja do t\u2019i miratoj\u00eb negociatat n\u00eb mars.<\/p>\n<p>Nj\u00eb propozim i ngjash\u00ebm i \u00ebsht\u00eb ofruar Turqis\u00eb nga Gjermania 10 vite m\u00eb par\u00eb, duke i premtuar partneritet t\u00eb ve\u00e7ant\u00eb n\u00eb vend t\u00eb an\u00ebtar\u00ebsimit. Por edhe n\u00eb at\u00eb koh\u00eb u pa si nj\u00eb m\u00ebnyr\u00eb elegante p\u00ebr ta hequr fare nga plani an\u00ebtar\u00ebsimin n\u00eb BE, njofton TCH.<\/p>\n","protected":false},"excerpt":{"rendered":"<p>PARIS &#8211; Franca ka nisur konsultimet diplomatike n\u00eb m\u00ebnyr\u00eb jo-zyrtare p\u00ebr t\u2019i ofruar nj\u00eb lloj partneriteti t\u00eb ve\u00e7ant\u00eb vendeve t\u00eb Ballkanit, n\u00eb vend t\u00eb an\u00ebtar\u00ebsimit t\u00eb plot\u00eb n\u00eb BE. Kjo marr\u00ebveshje do t\u00eb p\u00ebrfshinte mb\u00ebshtetje financiare, pranime n\u00eb disa tregje europiane dhe p\u00ebrpar\u00ebsi t\u00eb tjera q\u00eb do t\u2019i ofroheshin vendeve t\u00eb Ballkanit n\u00eb k\u00ebmbim t\u00eb [&hellip;]<\/p>\n","protected":false},"author":1,"featured_media":56633,"comment_status":"open","ping_status":"open","sticky":false,"template":"","format":"standard","meta":{"footnotes":""},"categories":[1],"tags":[895,1057,4350,1500],"class_list":["post-56632","post","type-post","status-publish","format-standard","has-post-thumbnail","hentry","category-lajme","tag-ballkani","tag-bashkimi-europian","tag-emmanuel-macron","tag-franca"],"_links":{"self":[{"href":"https:\/\/prizrenpost.com\/al\/wp-json\/wp\/v2\/posts\/56632","targetHints":{"allow":["GET"]}}],"collection":[{"href":"https:\/\/prizrenpost.com\/al\/wp-json\/wp\/v2\/posts"}],"about":[{"href":"https:\/\/prizrenpost.com\/al\/wp-json\/wp\/v2\/types\/post"}],"author":[{"embeddable":true,"href":"https:\/\/prizrenpost.com\/al\/wp-json\/wp\/v2\/users\/1"}],"replies":[{"embeddable":true,"href":"https:\/\/prizrenpost.com\/al\/wp-json\/wp\/v2\/comments?post=56632"}],"version-history":[{"count":1,"href":"https:\/\/prizrenpost.com\/al\/wp-json\/wp\/v2\/posts\/56632\/revisions"}],"predecessor-version":[{"id":63793,"href":"https:\/\/prizrenpost.com\/al\/wp-json\/wp\/v2\/posts\/56632\/revisions\/63793"}],"wp:featuredmedia":[{"embeddable":true,"href":"https:\/\/prizrenpost.com\/al\/wp-json\/wp\/v2\/media\/56633"}],"wp:attachment":[{"href":"https:\/\/prizrenpost.com\/al\/wp-json\/wp\/v2\/media?parent=56632"}],"wp:term":[{"taxonomy":"category","embeddable":true,"href":"https:\/\/prizrenpost.com\/al\/wp-json\/wp\/v2\/categories?post=56632"},{"taxonomy":"post_tag","embeddable":true,"href":"https:\/\/prizrenpost.com\/al\/wp-json\/wp\/v2\/tags?post=56632"}],"curies":[{"name":"wp","href":"https:\/\/api.w.org\/{rel}","templated":true}]}}