{"id":56673,"date":"2019-11-02T20:31:31","date_gmt":"2019-11-02T19:31:31","guid":{"rendered":"https:\/\/prizrenpost.com\/al\/?p=56673"},"modified":"2021-06-25T15:31:57","modified_gmt":"2021-06-25T13:31:57","slug":"ekspozite-me-piktura-te-rralla-ne-tirane","status":"publish","type":"post","link":"https:\/\/prizrenpost.com\/al\/ekspozite-me-piktura-te-rralla-ne-tirane\/","title":{"rendered":"Ekspozit\u00eb me piktura t\u00eb rralla n\u00eb Tiran\u00eb"},"content":{"rendered":"<p><img decoding=\"async\" src=\"https:\/\/prizrenpost.com\/al\/wp-content\/uploads\/2019\/11\/pic1.jpeg\" alt=\"\" width=\"100%\" height=\"\" class=\"alignleft size-full wp-image-56679\" srcset=\"https:\/\/prizrenpost.com\/al\/wp-content\/uploads\/2019\/11\/pic1.jpeg 850w, https:\/\/prizrenpost.com\/al\/wp-content\/uploads\/2019\/11\/pic1-300x200.jpeg 300w, https:\/\/prizrenpost.com\/al\/wp-content\/uploads\/2019\/11\/pic1-768x512.jpeg 768w\" sizes=\"(max-width: 850px) 100vw, 850px\" \/><\/p>\n<p><strong>TIRAN\u00cb &#8211; N\u00eb ambjentet e Teatrit Komb\u00ebtar \u00ebsht\u00eb hapur ekspozita e piktorit Avni Delvina e quajtur Notre Dame.<\/strong> <\/p>\n<p>Piktori njihet p\u00ebr stilin e tij t\u00eb ve\u00e7ant\u00eb duke p\u00ebrdorur tematik\u00ebn e pikturave t\u00eb vjetra duke i lidhur me personazhe reale.<\/p>\n<p>Nd\u00ebr vizitor\u00ebt e shumt\u00eb t\u00eb ekspozit\u00ebs ra n\u00eb sy edhe ish-kryeministri Berisha.<\/p>\n<p><img decoding=\"async\" src=\"https:\/\/prizrenpost.com\/al\/wp-content\/uploads\/2019\/11\/pic2.jpeg\" alt=\"\" width=\"70%\" height=\"\" class=\"alignnone size-full wp-image-56675\" srcset=\"https:\/\/prizrenpost.com\/al\/wp-content\/uploads\/2019\/11\/pic2.jpeg 850w, https:\/\/prizrenpost.com\/al\/wp-content\/uploads\/2019\/11\/pic2-300x200.jpeg 300w, https:\/\/prizrenpost.com\/al\/wp-content\/uploads\/2019\/11\/pic2-768x511.jpeg 768w\" sizes=\"(max-width: 850px) 100vw, 850px\" \/><\/p>\n<p><img decoding=\"async\" src=\"https:\/\/prizrenpost.com\/al\/wp-content\/uploads\/2019\/11\/pic3.jpeg\" alt=\"\" width=\"100%\" height=\"\" class=\"alignnone size-full wp-image-56676\" srcset=\"https:\/\/prizrenpost.com\/al\/wp-content\/uploads\/2019\/11\/pic3.jpeg 850w, https:\/\/prizrenpost.com\/al\/wp-content\/uploads\/2019\/11\/pic3-300x200.jpeg 300w, https:\/\/prizrenpost.com\/al\/wp-content\/uploads\/2019\/11\/pic3-768x511.jpeg 768w\" sizes=\"(max-width: 850px) 100vw, 850px\" \/><\/p>\n<p><img decoding=\"async\" src=\"https:\/\/prizrenpost.com\/al\/wp-content\/uploads\/2019\/11\/pic4.jpeg\" alt=\"\" width=\"100%\" height=\"\" class=\"alignnone size-full wp-image-56677\" srcset=\"https:\/\/prizrenpost.com\/al\/wp-content\/uploads\/2019\/11\/pic4.jpeg 850w, https:\/\/prizrenpost.com\/al\/wp-content\/uploads\/2019\/11\/pic4-300x200.jpeg 300w, https:\/\/prizrenpost.com\/al\/wp-content\/uploads\/2019\/11\/pic4-768x511.jpeg 768w\" sizes=\"(max-width: 850px) 100vw, 850px\" \/><\/p>\n<p><img decoding=\"async\" src=\"https:\/\/prizrenpost.com\/al\/wp-content\/uploads\/2019\/11\/pic8.jpeg\" alt=\"\" width=\"100%\" height=\"\" class=\"alignnone size-full wp-image-56678\" srcset=\"https:\/\/prizrenpost.com\/al\/wp-content\/uploads\/2019\/11\/pic8.jpeg 850w, https:\/\/prizrenpost.com\/al\/wp-content\/uploads\/2019\/11\/pic8-300x196.jpeg 300w, https:\/\/prizrenpost.com\/al\/wp-content\/uploads\/2019\/11\/pic8-768x501.jpeg 768w\" sizes=\"(max-width: 850px) 100vw, 850px\" \/><\/p>\n","protected":false},"excerpt":{"rendered":"<p>TIRAN\u00cb &#8211; N\u00eb ambjentet e Teatrit Komb\u00ebtar \u00ebsht\u00eb hapur ekspozita e piktorit Avni Delvina e quajtur Notre Dame. Piktori njihet p\u00ebr stilin e tij t\u00eb ve\u00e7ant\u00eb duke p\u00ebrdorur tematik\u00ebn e pikturave t\u00eb vjetra duke i lidhur me personazhe reale. Nd\u00ebr vizitor\u00ebt e shumt\u00eb t\u00eb ekspozit\u00ebs ra n\u00eb sy edhe ish-kryeministri Berisha.<\/p>\n","protected":false},"author":1,"featured_media":56679,"comment_status":"open","ping_status":"open","sticky":false,"template":"","format":"standard","meta":{"footnotes":""},"categories":[4],"tags":[5487,1762,5488,52,53],"class_list":["post-56673","post","type-post","status-publish","format-standard","has-post-thumbnail","hentry","category-kulture","tag-avni-delvina","tag-ekspozite","tag-notre-dame","tag-shqiperi","tag-tirane"],"_links":{"self":[{"href":"https:\/\/prizrenpost.com\/al\/wp-json\/wp\/v2\/posts\/56673","targetHints":{"allow":["GET"]}}],"collection":[{"href":"https:\/\/prizrenpost.com\/al\/wp-json\/wp\/v2\/posts"}],"about":[{"href":"https:\/\/prizrenpost.com\/al\/wp-json\/wp\/v2\/types\/post"}],"author":[{"embeddable":true,"href":"https:\/\/prizrenpost.com\/al\/wp-json\/wp\/v2\/users\/1"}],"replies":[{"embeddable":true,"href":"https:\/\/prizrenpost.com\/al\/wp-json\/wp\/v2\/comments?post=56673"}],"version-history":[{"count":1,"href":"https:\/\/prizrenpost.com\/al\/wp-json\/wp\/v2\/posts\/56673\/revisions"}],"predecessor-version":[{"id":63784,"href":"https:\/\/prizrenpost.com\/al\/wp-json\/wp\/v2\/posts\/56673\/revisions\/63784"}],"wp:featuredmedia":[{"embeddable":true,"href":"https:\/\/prizrenpost.com\/al\/wp-json\/wp\/v2\/media\/56679"}],"wp:attachment":[{"href":"https:\/\/prizrenpost.com\/al\/wp-json\/wp\/v2\/media?parent=56673"}],"wp:term":[{"taxonomy":"category","embeddable":true,"href":"https:\/\/prizrenpost.com\/al\/wp-json\/wp\/v2\/categories?post=56673"},{"taxonomy":"post_tag","embeddable":true,"href":"https:\/\/prizrenpost.com\/al\/wp-json\/wp\/v2\/tags?post=56673"}],"curies":[{"name":"wp","href":"https:\/\/api.w.org\/{rel}","templated":true}]}}