{"id":5668,"date":"2014-02-28T14:50:57","date_gmt":"2014-02-28T13:50:57","guid":{"rendered":"http:\/\/prizrenpost.com\/al\/?p=5668"},"modified":"2021-01-17T13:57:48","modified_gmt":"2021-01-17T12:57:48","slug":"ne-egjipt-protesta-te-reja-ne-mbeshtetje-te-mursit","status":"publish","type":"post","link":"https:\/\/prizrenpost.com\/al\/ne-egjipt-protesta-te-reja-ne-mbeshtetje-te-mursit\/","title":{"rendered":"N\u00eb Egjipt protesta t\u00eb reja n\u00eb mb\u00ebshtetje t\u00eb Mursit"},"content":{"rendered":"<p><img loading=\"lazy\" decoding=\"async\" src=\"https:\/\/prizrenpost.com\/al\/wp-content\/uploads\/2014\/02\/egjipt.jpg\" alt=\"\" width=\"480\" height=\"270\" class=\"alignleft size-full wp-image-62294\" srcset=\"https:\/\/prizrenpost.com\/al\/wp-content\/uploads\/2014\/02\/egjipt.jpg 480w, https:\/\/prizrenpost.com\/al\/wp-content\/uploads\/2014\/02\/egjipt-300x169.jpg 300w\" sizes=\"auto, (max-width: 480px) 100vw, 480px\" \/><\/p>\n<p><strong>Kairo, 28 shkurt &#8211; Mb\u00ebshtet\u00ebsit e presidentit t\u00eb rr\u00ebzuar Muhamed Mursi organizuan protesta t\u00eb premten n\u00eb m\u00ebngjes n\u00eb mb\u00ebshtetje t\u00eb udh\u00ebheq\u00ebsit t\u00eb rr\u00ebzuar.<\/strong><\/p>\n<p>An\u00ebtar\u00ebt e \u201c7Elsobh\u201d ( \u201c7:00\u201d) protestuan n\u00eb qytetin bregdetar t\u00eb Aleksandris\u00eb p\u00ebr t\u00eb k\u00ebrkuar lirimin e t\u00eb burgosurve dhe p\u00ebr t\u00eb b\u00ebr\u00eb denoncimin e grusht shtetit ushtarak  kund\u00ebr Mursit.<br \/>\nMb\u00ebshtet\u00ebsit pro-legjitimitetit protestuan edhe n\u00eb Giza, Delta t\u00eb Nilit provinc\u00eb e Sharqiya, Dakahliya, Menoufiya dhe n\u00eb krahin\u00ebn jugore Minya.<\/p>\n<p>Tubimet e s\u00eb premtes jan\u00eb pjes\u00eb e protestave nj\u00eb-javore t\u00eb thirrura nga Aleanca Komb\u00ebtare p\u00ebr Mbrojtjen e Legjitimitetit.<\/p>\n<p>N\u00eb nj\u00eb deklarat\u00eb t\u00eb enjten, aleanca u b\u00ebri thirrje mb\u00ebshtet\u00ebsve q\u00eb t\u00eb marrin frym\u00ebzim nga demonstratat e fundit anti-qeveritare n\u00eb Ukrain\u00eb q\u00eb \u00e7uan n\u00eb p\u00ebrmbysjen e presidentit t\u00eb Ukrain\u00ebs Viktor Janukovi\u00e7.<\/p>\n<p>\u201cNgjarjet n\u00eb Ukrain\u00eb jan\u00eb ogur i mir\u00eb p\u00ebr ne,\u201d pohoi aleanca.<br \/>\nProtestuesit pro-legjitimitetit kan\u00eb organizuar mitingje pothuajse \u00e7do dit\u00eb q\u00eb nga 3 korriku kur ushtria hoqi nga pushteti Muhamed Mursin, presidentin e par\u00eb t\u00eb Egjiptit t\u00eb zgjedhur me vota t\u00eb lira.<\/p>\n","protected":false},"excerpt":{"rendered":"<p>Kairo, 28 shkurt &#8211; Mb\u00ebshtet\u00ebsit e presidentit t\u00eb rr\u00ebzuar Muhamed Mursi organizuan protesta t\u00eb premten n\u00eb m\u00ebngjes n\u00eb mb\u00ebshtetje t\u00eb udh\u00ebheq\u00ebsit t\u00eb rr\u00ebzuar. An\u00ebtar\u00ebt e \u201c7Elsobh\u201d ( \u201c7:00\u201d) protestuan n\u00eb qytetin bregdetar t\u00eb Aleksandris\u00eb p\u00ebr t\u00eb k\u00ebrkuar lirimin e t\u00eb burgosurve dhe p\u00ebr t\u00eb b\u00ebr\u00eb denoncimin e grusht shtetit ushtarak kund\u00ebr Mursit. Mb\u00ebshtet\u00ebsit pro-legjitimitetit protestuan [&hellip;]<\/p>\n","protected":false},"author":1,"featured_media":62294,"comment_status":"open","ping_status":"open","sticky":false,"template":"","format":"standard","meta":{"footnotes":""},"categories":[1],"tags":[],"class_list":["post-5668","post","type-post","status-publish","format-standard","has-post-thumbnail","hentry","category-lajme"],"_links":{"self":[{"href":"https:\/\/prizrenpost.com\/al\/wp-json\/wp\/v2\/posts\/5668","targetHints":{"allow":["GET"]}}],"collection":[{"href":"https:\/\/prizrenpost.com\/al\/wp-json\/wp\/v2\/posts"}],"about":[{"href":"https:\/\/prizrenpost.com\/al\/wp-json\/wp\/v2\/types\/post"}],"author":[{"embeddable":true,"href":"https:\/\/prizrenpost.com\/al\/wp-json\/wp\/v2\/users\/1"}],"replies":[{"embeddable":true,"href":"https:\/\/prizrenpost.com\/al\/wp-json\/wp\/v2\/comments?post=5668"}],"version-history":[{"count":1,"href":"https:\/\/prizrenpost.com\/al\/wp-json\/wp\/v2\/posts\/5668\/revisions"}],"predecessor-version":[{"id":62295,"href":"https:\/\/prizrenpost.com\/al\/wp-json\/wp\/v2\/posts\/5668\/revisions\/62295"}],"wp:featuredmedia":[{"embeddable":true,"href":"https:\/\/prizrenpost.com\/al\/wp-json\/wp\/v2\/media\/62294"}],"wp:attachment":[{"href":"https:\/\/prizrenpost.com\/al\/wp-json\/wp\/v2\/media?parent=5668"}],"wp:term":[{"taxonomy":"category","embeddable":true,"href":"https:\/\/prizrenpost.com\/al\/wp-json\/wp\/v2\/categories?post=5668"},{"taxonomy":"post_tag","embeddable":true,"href":"https:\/\/prizrenpost.com\/al\/wp-json\/wp\/v2\/tags?post=5668"}],"curies":[{"name":"wp","href":"https:\/\/api.w.org\/{rel}","templated":true}]}}