{"id":56743,"date":"2019-11-10T18:34:10","date_gmt":"2019-11-10T17:34:10","guid":{"rendered":"https:\/\/prizrenpost.com\/al\/?p=56743"},"modified":"2021-06-25T15:31:57","modified_gmt":"2021-06-25T13:31:57","slug":"serbet-e-kosoves-mund-te-rebelohen","status":"publish","type":"post","link":"https:\/\/prizrenpost.com\/al\/serbet-e-kosoves-mund-te-rebelohen\/","title":{"rendered":"Serb\u00ebt e Kosov\u00ebs mund t\u00eb rebelohen"},"content":{"rendered":"<p><img decoding=\"async\" src=\"https:\/\/prizrenpost.com\/al\/wp-content\/uploads\/2019\/11\/vulin.jpg\" alt=\"\" width=\"100%\" height=\"\" class=\"alignleft size-full wp-image-56744\" srcset=\"https:\/\/prizrenpost.com\/al\/wp-content\/uploads\/2019\/11\/vulin.jpg 854w, https:\/\/prizrenpost.com\/al\/wp-content\/uploads\/2019\/11\/vulin-300x156.jpg 300w, https:\/\/prizrenpost.com\/al\/wp-content\/uploads\/2019\/11\/vulin-768x398.jpg 768w\" sizes=\"(max-width: 854px) 100vw, 854px\" \/><\/p>\n<p><strong>BEOGRAD &#8211; Ministri serb i mbrojtjes, Aleksandar Vulin nuk p\u00ebrjashton mund\u00ebsin\u00eb q\u00eb serb\u00ebt n\u00eb Kosov\u00eb t\u00eb rebelohen n\u00ebse, sipas tij, kandidati p\u00ebr kryeminist\u00ebr t\u00eb Kosov\u00ebs, Albin Kurti, vazhdon me p\u00ebrpjekjet q\u00eb t\u2019i p\u00ebr\u00e7aj\u00eb ata.<\/strong><\/p>\n<p>\u201cMe p\u00ebrpjekjet e tij p\u00ebr t\u2019i ndar\u00eb serb\u00ebt n\u00eb Kosov\u00eb dhe p\u00ebr t\u2019i   gjetur ata p\u00ebr t\u00eb cil\u00ebt Tirana \u00ebsht\u00eb m\u00eb af\u00ebr se Beogradi, Albin Kurti rrezikon jo vet\u00ebm q\u00eb serb\u00ebt t\u2019i braktisin institucionet e Prishtin\u00ebs, por edhe p\u00ebr rebelimin e tyre t\u00eb hapur. Prishtina, krahas vendeve q\u00eb e kan\u00eb njohur Kosov\u00ebn, k\u00ebrkon q\u00eb serb\u00ebt t\u00eb ndalojn\u00eb s\u00eb d\u00ebgjuari Beogradin. Le t\u00eb ken\u00eb kujdes \u00e7far\u00eb t\u00eb duan, sepse d\u00ebshira e tyre mund t\u00eb p\u00ebrmbushet\u201d, citojn\u00eb mediat serbe deklarat\u00ebn e Vulinit, p\u00ebrcjell Telegrafi.<\/p>\n<p>\u201cN\u00ebse serb\u00ebt do t\u00eb marrin vendime pa Beogradin, v\u00ebshtir\u00eb se n\u00eb veri t\u00eb kosov\u00ebs do t\u00eb ket\u00eb ndonj\u00eb pjes\u00ebtar\u00eb t\u00eb t\u00eb policis\u00eb s\u00eb Kosov\u00ebs\u201d, tha Vulin.<\/p>\n<p>\u201cN\u00ebse Kurti  e d\u00ebgjon Gjilasin dhe em\u00ebron Rada Trajkoviqin [n\u00eb Qeverin\u00eb e Kosov\u00ebs], ose nj\u00eb nga serb\u00ebt q\u00eb nuk mor\u00ebn votuat [n\u00eb zgjedhjet e 6 tetorit n\u00eb Kosov\u00eb] dhe q\u00eb nuk \u00ebsht\u00eb n\u00eb List\u00ebn Serbe, ai do t\u00eb marr\u00eb p\u00ebrgjegj\u00ebsin\u00eb p\u00ebr gjith\u00e7ka q\u00eb do t\u00eb ndodh\u00eb n\u00eb Kosov\u00eb\u201d, e paralajm\u00ebron ministri serb Kurtin dhe p\u00ebrfaq\u00ebsuesit e partive shqiptare n\u00eb Kosov\u00eb, t\u00eb cil\u00ebt do t\u00eb anashkalojn\u00eb rezultatet e zgjedhjeve dhe do t\u00eb vendosin se cil\u00ebt do t\u00eb jen\u00eb p\u00ebrfaq\u00ebsuesit legjitim\u00eb t\u00eb serb\u00ebve n\u00eb Kosov\u00eb. <\/p>\n","protected":false},"excerpt":{"rendered":"<p>BEOGRAD &#8211; Ministri serb i mbrojtjes, Aleksandar Vulin nuk p\u00ebrjashton mund\u00ebsin\u00eb q\u00eb serb\u00ebt n\u00eb Kosov\u00eb t\u00eb rebelohen n\u00ebse, sipas tij, kandidati p\u00ebr kryeminist\u00ebr t\u00eb Kosov\u00ebs, Albin Kurti, vazhdon me p\u00ebrpjekjet q\u00eb t\u2019i p\u00ebr\u00e7aj\u00eb ata. \u201cMe p\u00ebrpjekjet e tij p\u00ebr t\u2019i ndar\u00eb serb\u00ebt n\u00eb Kosov\u00eb dhe p\u00ebr t\u2019i gjetur ata p\u00ebr t\u00eb cil\u00ebt Tirana \u00ebsht\u00eb m\u00eb [&hellip;]<\/p>\n","protected":false},"author":1,"featured_media":56744,"comment_status":"open","ping_status":"open","sticky":false,"template":"","format":"standard","meta":{"footnotes":""},"categories":[1],"tags":[3803,877,4714,48,1158,799],"class_list":["post-56743","post","type-post","status-publish","format-standard","has-post-thumbnail","hentry","category-lajme","tag-aktuale","tag-albin-kurti","tag-aleksandar-vulin","tag-kosove","tag-serbet","tag-serbia"],"_links":{"self":[{"href":"https:\/\/prizrenpost.com\/al\/wp-json\/wp\/v2\/posts\/56743","targetHints":{"allow":["GET"]}}],"collection":[{"href":"https:\/\/prizrenpost.com\/al\/wp-json\/wp\/v2\/posts"}],"about":[{"href":"https:\/\/prizrenpost.com\/al\/wp-json\/wp\/v2\/types\/post"}],"author":[{"embeddable":true,"href":"https:\/\/prizrenpost.com\/al\/wp-json\/wp\/v2\/users\/1"}],"replies":[{"embeddable":true,"href":"https:\/\/prizrenpost.com\/al\/wp-json\/wp\/v2\/comments?post=56743"}],"version-history":[{"count":1,"href":"https:\/\/prizrenpost.com\/al\/wp-json\/wp\/v2\/posts\/56743\/revisions"}],"predecessor-version":[{"id":63774,"href":"https:\/\/prizrenpost.com\/al\/wp-json\/wp\/v2\/posts\/56743\/revisions\/63774"}],"wp:featuredmedia":[{"embeddable":true,"href":"https:\/\/prizrenpost.com\/al\/wp-json\/wp\/v2\/media\/56744"}],"wp:attachment":[{"href":"https:\/\/prizrenpost.com\/al\/wp-json\/wp\/v2\/media?parent=56743"}],"wp:term":[{"taxonomy":"category","embeddable":true,"href":"https:\/\/prizrenpost.com\/al\/wp-json\/wp\/v2\/categories?post=56743"},{"taxonomy":"post_tag","embeddable":true,"href":"https:\/\/prizrenpost.com\/al\/wp-json\/wp\/v2\/tags?post=56743"}],"curies":[{"name":"wp","href":"https:\/\/api.w.org\/{rel}","templated":true}]}}