{"id":57060,"date":"2019-12-07T21:09:27","date_gmt":"2019-12-07T20:09:27","guid":{"rendered":"https:\/\/prizrenpost.com\/al\/?p=57060"},"modified":"2021-06-25T15:31:56","modified_gmt":"2021-06-25T13:31:56","slug":"njoftim-per-vaksinat-kunder-gripit-sezonal","status":"publish","type":"post","link":"https:\/\/prizrenpost.com\/al\/njoftim-per-vaksinat-kunder-gripit-sezonal\/","title":{"rendered":"Njoftim p\u00ebr vaksinat kund\u00ebr gripit sezonal"},"content":{"rendered":"<p><img decoding=\"async\" src=\"https:\/\/prizrenpost.com\/al\/wp-content\/uploads\/2019\/12\/4293AFF7-0A4C-4A63-ABAA-2A834DC2D0DD.jpeg\" alt=\"\" width=\"100%\" height=\"\" class=\"alignleft size-full wp-image-57061\" srcset=\"https:\/\/prizrenpost.com\/al\/wp-content\/uploads\/2019\/12\/4293AFF7-0A4C-4A63-ABAA-2A834DC2D0DD.jpeg 800w, https:\/\/prizrenpost.com\/al\/wp-content\/uploads\/2019\/12\/4293AFF7-0A4C-4A63-ABAA-2A834DC2D0DD-300x225.jpeg 300w, https:\/\/prizrenpost.com\/al\/wp-content\/uploads\/2019\/12\/4293AFF7-0A4C-4A63-ABAA-2A834DC2D0DD-768x576.jpeg 768w\" sizes=\"(max-width: 800px) 100vw, 800px\" \/><\/p>\n<p><strong>PRIZREN &#8211; Me q\u00ebllim t\u00eb parandalimit t\u00eb gripit sezonal, Drejtoria e Sh\u00ebndet\u00ebsis\u00eb n\u00eb bashk\u00ebpunim me Qendr\u00ebn Kryesore t\u00eb Mjek\u00ebsis\u00eb Familjare nga dita e h\u00ebn\u00eb, 9 dhjetor, do t\u00eb filloj\u00eb imunizimin e kategorive m\u00eb t\u00eb rrezikuara t\u00eb popullat\u00ebs nga gripi sezonal.<\/strong><\/p>\n<p>Imunizimit nga kjo s\u00ebmundje do t&#8217;i n\u00ebnshtrohen personat me semundje kronike, personat n\u00eb mosh\u00eb t\u00eb shtyer dhe personat e tjer\u00eb me rrezikshm\u00ebri t\u00eb lart\u00eb p\u00ebr infeksion.<\/p>\n<p>Tanim\u00eb jan\u00eb shp\u00ebrndar\u00eb gjithsej 6500 vaksina n\u00eb t\u00eb gjitha nj\u00ebsit\u00eb e vaksinimit t\u00eb QMF-ve, p\u00ebr ta ofruar k\u00ebt\u00eb sh\u00ebrbim \u00e7do personi q\u00eb ka nevoj\u00eb.<\/p>\n<p>Vaksinimi \u00ebsht\u00eb m\u00ebnyra m\u00eb e mir\u00eb p\u00ebr t&#8217;u mbrojtur nga gripi sezonal.<\/p>\n","protected":false},"excerpt":{"rendered":"<p>PRIZREN &#8211; Me q\u00ebllim t\u00eb parandalimit t\u00eb gripit sezonal, Drejtoria e Sh\u00ebndet\u00ebsis\u00eb n\u00eb bashk\u00ebpunim me Qendr\u00ebn Kryesore t\u00eb Mjek\u00ebsis\u00eb Familjare nga dita e h\u00ebn\u00eb, 9 dhjetor, do t\u00eb filloj\u00eb imunizimin e kategorive m\u00eb t\u00eb rrezikuara t\u00eb popullat\u00ebs nga gripi sezonal. Imunizimit nga kjo s\u00ebmundje do t&#8217;i n\u00ebnshtrohen personat me semundje kronike, personat n\u00eb mosh\u00eb t\u00eb [&hellip;]<\/p>\n","protected":false},"author":1,"featured_media":57061,"comment_status":"open","ping_status":"open","sticky":false,"template":"","format":"standard","meta":{"footnotes":""},"categories":[22,5],"tags":[3803,4704,41,5502],"class_list":["post-57060","post","type-post","status-publish","format-standard","has-post-thumbnail","hentry","category-prizren","category-shendetesi","tag-aktuale","tag-drejtoria-e-shendetesise","tag-prizren","tag-qendra-e-mjekesise-familjare"],"_links":{"self":[{"href":"https:\/\/prizrenpost.com\/al\/wp-json\/wp\/v2\/posts\/57060","targetHints":{"allow":["GET"]}}],"collection":[{"href":"https:\/\/prizrenpost.com\/al\/wp-json\/wp\/v2\/posts"}],"about":[{"href":"https:\/\/prizrenpost.com\/al\/wp-json\/wp\/v2\/types\/post"}],"author":[{"embeddable":true,"href":"https:\/\/prizrenpost.com\/al\/wp-json\/wp\/v2\/users\/1"}],"replies":[{"embeddable":true,"href":"https:\/\/prizrenpost.com\/al\/wp-json\/wp\/v2\/comments?post=57060"}],"version-history":[{"count":1,"href":"https:\/\/prizrenpost.com\/al\/wp-json\/wp\/v2\/posts\/57060\/revisions"}],"predecessor-version":[{"id":57062,"href":"https:\/\/prizrenpost.com\/al\/wp-json\/wp\/v2\/posts\/57060\/revisions\/57062"}],"wp:featuredmedia":[{"embeddable":true,"href":"https:\/\/prizrenpost.com\/al\/wp-json\/wp\/v2\/media\/57061"}],"wp:attachment":[{"href":"https:\/\/prizrenpost.com\/al\/wp-json\/wp\/v2\/media?parent=57060"}],"wp:term":[{"taxonomy":"category","embeddable":true,"href":"https:\/\/prizrenpost.com\/al\/wp-json\/wp\/v2\/categories?post=57060"},{"taxonomy":"post_tag","embeddable":true,"href":"https:\/\/prizrenpost.com\/al\/wp-json\/wp\/v2\/tags?post=57060"}],"curies":[{"name":"wp","href":"https:\/\/api.w.org\/{rel}","templated":true}]}}