{"id":57114,"date":"2019-12-15T16:28:16","date_gmt":"2019-12-15T15:28:16","guid":{"rendered":"https:\/\/prizrenpost.com\/al\/?p=57114"},"modified":"2021-06-25T15:31:55","modified_gmt":"2021-06-25T13:31:55","slug":"si-u-ekzekutua-diktatori-caushesku-i-rumanise-se-bashku-me-te-shoqen","status":"publish","type":"post","link":"https:\/\/prizrenpost.com\/al\/si-u-ekzekutua-diktatori-caushesku-i-rumanise-se-bashku-me-te-shoqen\/","title":{"rendered":"Si u ekzekutua diktatori \u00c7aushesku i Rumanis\u00eb s\u00eb bashku me t\u00eb shoqen!"},"content":{"rendered":"<p><img decoding=\"async\" src=\"https:\/\/prizrenpost.com\/al\/wp-content\/uploads\/2019\/12\/nicolae-ceausescu.jpg\" alt=\"\" width=\"100%\" height=\"\" class=\"alignleft size-full wp-image-57116\" srcset=\"https:\/\/prizrenpost.com\/al\/wp-content\/uploads\/2019\/12\/nicolae-ceausescu.jpg 500w, https:\/\/prizrenpost.com\/al\/wp-content\/uploads\/2019\/12\/nicolae-ceausescu-300x181.jpg 300w\" sizes=\"(max-width: 500px) 100vw, 500px\" \/><\/p>\n<p><strong>BUKURESHT &#8211; Revoltat kund\u00ebr diktatorit komunist t\u00eb Rumanis\u00eb, Nikolae \u00c7aushesku e shtyn\u00eb k\u00ebt\u00eb t\u00eb fundit dhe gruan e tij, Elen\u00ebn t\u00eb largoheshin me shpejt\u00ebsi nga Bukureshti m\u00eb 22 dhjetor t\u00eb vitit 1989.<\/strong><\/p>\n<p>Por pavar\u00ebsisht tentativ\u00ebs s\u00eb tyre p\u00ebr shp\u00ebtim, \u00e7ifti u kap nga policia lokale n\u00eb T\u00ebrgovishte. Nj\u00eb gjyq i shkurt\u00ebr u zhvillua n\u00eb 24 dhjetor nd\u00ebrsa n\u00eb fund t\u00eb tij Elena dhe Nikolae \u00c7aushesku u ekzekutuan.<\/p>\n<p>Ish- paraushtaraku Jonel Boeru kujton dit\u00ebn kur vrau diktatorin rumun, Nikolae \u00c7aushesku dhe gruan e tij Elena \u00c7aushesku. N\u00eb nj\u00eb intervist\u00eb p\u00ebr \u201cMirror\u201d, Boeru tha se ishin 29 plumbat e dal\u00eb nga AK-47 e tij, q\u00eb vran\u00eb diktatorin dhe gruan, Elena-n.<\/p>\n<p>Kapiteni rr\u00ebfeu se tirani 71- vje\u00e7ar ishte veshur me stil dhe vinte er\u00eb e r\u00ebnd\u00eb solucioni pasrroje.<\/p>\n<p>\u201cFjal\u00ebt e fundit t\u00eb \u00c7ausheskut ishin: Jet\u00eb t\u00eb gjat\u00eb Republik\u00ebs Socialiste t\u00eb Rumanis\u00eb- t\u00eb pavarur dhe t\u00eb lir\u00eb,\u201d tha Boeru.<\/p>\n<p>Ai shtoi se Elena \u00c7aushesku mbante er\u00eb t\u00eb keqe.<\/p>\n<p>Fjal\u00ebt e saj ishin krejt t\u00eb ndryshme.<\/p>\n<p>\u201cAjo i ul\u00ebriti nj\u00eb ushtari: Ti shk\u00ebrdhat\u00eb!\u201d<\/p>\n<p>Ishte koha kur Perdja e Hekurt kishte nisur t\u00eb binte n\u00eb Evrop\u00ebn Lindore me disa revolucione paq\u00ebsore. \u00c7auseshku urdh\u00ebroi trupat q\u00eb t\u00eb q\u00ebllonin mbi protestuesit. M\u00eb shum\u00eb se 1100 njer\u00ebz u vran\u00eb n\u00eb tre jav\u00eb, p\u00ebrpara se tirani t\u00eb rr\u00ebzohej pas 22 vitesh drejtim.<\/p>\n","protected":false},"excerpt":{"rendered":"<p>BUKURESHT &#8211; Revoltat kund\u00ebr diktatorit komunist t\u00eb Rumanis\u00eb, Nikolae \u00c7aushesku e shtyn\u00eb k\u00ebt\u00eb t\u00eb fundit dhe gruan e tij, Elen\u00ebn t\u00eb largoheshin me shpejt\u00ebsi nga Bukureshti m\u00eb 22 dhjetor t\u00eb vitit 1989. Por pavar\u00ebsisht tentativ\u00ebs s\u00eb tyre p\u00ebr shp\u00ebtim, \u00e7ifti u kap nga policia lokale n\u00eb T\u00ebrgovishte. Nj\u00eb gjyq i shkurt\u00ebr u zhvillua n\u00eb 24 [&hellip;]<\/p>\n","protected":false},"author":1,"featured_media":57116,"comment_status":"open","ping_status":"open","sticky":false,"template":"","format":"standard","meta":{"footnotes":""},"categories":[1],"tags":[5513,5512,1986],"class_list":["post-57114","post","type-post","status-publish","format-standard","has-post-thumbnail","hentry","category-lajme","tag-komunizmi","tag-nicolae-ceausescu","tag-rumania"],"_links":{"self":[{"href":"https:\/\/prizrenpost.com\/al\/wp-json\/wp\/v2\/posts\/57114","targetHints":{"allow":["GET"]}}],"collection":[{"href":"https:\/\/prizrenpost.com\/al\/wp-json\/wp\/v2\/posts"}],"about":[{"href":"https:\/\/prizrenpost.com\/al\/wp-json\/wp\/v2\/types\/post"}],"author":[{"embeddable":true,"href":"https:\/\/prizrenpost.com\/al\/wp-json\/wp\/v2\/users\/1"}],"replies":[{"embeddable":true,"href":"https:\/\/prizrenpost.com\/al\/wp-json\/wp\/v2\/comments?post=57114"}],"version-history":[{"count":4,"href":"https:\/\/prizrenpost.com\/al\/wp-json\/wp\/v2\/posts\/57114\/revisions"}],"predecessor-version":[{"id":63848,"href":"https:\/\/prizrenpost.com\/al\/wp-json\/wp\/v2\/posts\/57114\/revisions\/63848"}],"wp:featuredmedia":[{"embeddable":true,"href":"https:\/\/prizrenpost.com\/al\/wp-json\/wp\/v2\/media\/57116"}],"wp:attachment":[{"href":"https:\/\/prizrenpost.com\/al\/wp-json\/wp\/v2\/media?parent=57114"}],"wp:term":[{"taxonomy":"category","embeddable":true,"href":"https:\/\/prizrenpost.com\/al\/wp-json\/wp\/v2\/categories?post=57114"},{"taxonomy":"post_tag","embeddable":true,"href":"https:\/\/prizrenpost.com\/al\/wp-json\/wp\/v2\/tags?post=57114"}],"curies":[{"name":"wp","href":"https:\/\/api.w.org\/{rel}","templated":true}]}}