{"id":57530,"date":"2020-01-24T22:24:00","date_gmt":"2020-01-24T21:24:00","guid":{"rendered":"https:\/\/prizrenpost.com\/al\/?p=57530"},"modified":"2021-06-25T15:31:49","modified_gmt":"2021-06-25T13:31:49","slug":"koronavirusi-mberrin-ne-europe-konfirmohen-dy-rastet-e-para","status":"publish","type":"post","link":"https:\/\/prizrenpost.com\/al\/koronavirusi-mberrin-ne-europe-konfirmohen-dy-rastet-e-para\/","title":{"rendered":"Koronavirusi mb\u00ebrrin n\u00eb Europ\u00eb, konfirmohen dy rastet e para"},"content":{"rendered":"<p><img decoding=\"async\" src=\"https:\/\/prizrenpost.com\/al\/wp-content\/uploads\/2020\/01\/korovanivirus.jpg\" alt=\"\" width=\"100%\" height=\"\" class=\"alignleft size-full wp-image-57531\" srcset=\"https:\/\/prizrenpost.com\/al\/wp-content\/uploads\/2020\/01\/korovanivirus.jpg 590w, https:\/\/prizrenpost.com\/al\/wp-content\/uploads\/2020\/01\/korovanivirus-300x258.jpg 300w\" sizes=\"(max-width: 590px) 100vw, 590px\" \/><\/p>\n<p><strong>PARIS &#8211; Prej disa dit\u00ebsh Kina dhe e gjith\u00eb bota \u00ebsht\u00eb n\u00eb alarm p\u00ebr nj\u00eb virus q\u00eb ka prekur vendin me popullsin\u00eb m\u00eb t\u00eb madhe n\u00eb bot\u00eb dhe akoma nuk \u00ebsht\u00eb e qart\u00eb se nga ku ka ardhur.<\/strong><\/p>\n<p>Deri m\u00eb tani jan\u00eb konfirmuar mbi 25 persona t\u00eb vdekur, dhe qyteti u Wuhan q\u00eb mendohet q\u00eb \u00ebsht\u00eb edhe burimi i k\u00ebtij virusi \u00ebsht\u00eb izoluar totalisht.<\/p>\n<p>Ky virus ka mb\u00ebrritur edhe n\u00eb Europ\u00eb, ku zyrtarisht p\u00ebr her\u00eb t\u00eb par\u00eb jan\u00eb konfirmuar dy raste n\u00eb Franc\u00eb.<\/p>\n<p>T\u00eb dy rastet e konfirmuara u njoftuan nga ministria e sh\u00ebndet\u00ebsis\u00eb, Agnes Buzyn. Ajo tha se t\u00eb dy personat e s\u00ebmur\u00eb kishin udh\u00ebtuar p\u00ebr n\u00eb Kin\u00eb.<\/p>\n<p>Ministrja tha q\u00eb ajo pret m\u00eb shum\u00eb raste. \u201cKemi dy raste. Ndoshta do t\u00eb kemi raste t\u00eb tjera\u201d.<\/p>\n<p>Ministrja tha q\u00eb ajo beson se nj\u00eb arsye pse Franca \u00ebsht\u00eb vendi i par\u00eb evropian q\u00eb ka konfirmuar raste \u00ebsht\u00eb q\u00eb ajo ka zhvilluar nj\u00eb test q\u00eb lejon mjek\u00ebt t\u00eb diagnostikojn\u00eb me shpejt\u00ebsi t\u00eb s\u00ebmur\u00ebt.<\/p>\n<p>Nj\u00eb prej personave t\u00eb s\u00ebmur\u00eb \u00ebsht\u00eb shtruar n\u00eb nj\u00eb spital n\u00eb qytetin jugper\u00ebndimor t\u00eb Bordos.<\/p>\n<p>Personi tjet\u00ebr \u00ebsht\u00eb shtruar n\u00eb spital n\u00eb Paris.<\/p>\n","protected":false},"excerpt":{"rendered":"<p>PARIS &#8211; Prej disa dit\u00ebsh Kina dhe e gjith\u00eb bota \u00ebsht\u00eb n\u00eb alarm p\u00ebr nj\u00eb virus q\u00eb ka prekur vendin me popullsin\u00eb m\u00eb t\u00eb madhe n\u00eb bot\u00eb dhe akoma nuk \u00ebsht\u00eb e qart\u00eb se nga ku ka ardhur. Deri m\u00eb tani jan\u00eb konfirmuar mbi 25 persona t\u00eb vdekur, dhe qyteti u Wuhan q\u00eb mendohet q\u00eb [&hellip;]<\/p>\n","protected":false},"author":1,"featured_media":57531,"comment_status":"open","ping_status":"open","sticky":false,"template":"","format":"standard","meta":{"footnotes":""},"categories":[5],"tags":[1377,49,1411],"class_list":["post-57530","post","type-post","status-publish","format-standard","has-post-thumbnail","hentry","category-shendetesi","tag-france","tag-shendetesi","tag-virus"],"_links":{"self":[{"href":"https:\/\/prizrenpost.com\/al\/wp-json\/wp\/v2\/posts\/57530","targetHints":{"allow":["GET"]}}],"collection":[{"href":"https:\/\/prizrenpost.com\/al\/wp-json\/wp\/v2\/posts"}],"about":[{"href":"https:\/\/prizrenpost.com\/al\/wp-json\/wp\/v2\/types\/post"}],"author":[{"embeddable":true,"href":"https:\/\/prizrenpost.com\/al\/wp-json\/wp\/v2\/users\/1"}],"replies":[{"embeddable":true,"href":"https:\/\/prizrenpost.com\/al\/wp-json\/wp\/v2\/comments?post=57530"}],"version-history":[{"count":1,"href":"https:\/\/prizrenpost.com\/al\/wp-json\/wp\/v2\/posts\/57530\/revisions"}],"predecessor-version":[{"id":57532,"href":"https:\/\/prizrenpost.com\/al\/wp-json\/wp\/v2\/posts\/57530\/revisions\/57532"}],"wp:featuredmedia":[{"embeddable":true,"href":"https:\/\/prizrenpost.com\/al\/wp-json\/wp\/v2\/media\/57531"}],"wp:attachment":[{"href":"https:\/\/prizrenpost.com\/al\/wp-json\/wp\/v2\/media?parent=57530"}],"wp:term":[{"taxonomy":"category","embeddable":true,"href":"https:\/\/prizrenpost.com\/al\/wp-json\/wp\/v2\/categories?post=57530"},{"taxonomy":"post_tag","embeddable":true,"href":"https:\/\/prizrenpost.com\/al\/wp-json\/wp\/v2\/tags?post=57530"}],"curies":[{"name":"wp","href":"https:\/\/api.w.org\/{rel}","templated":true}]}}