{"id":57834,"date":"2020-04-17T12:29:23","date_gmt":"2020-04-17T10:29:23","guid":{"rendered":"https:\/\/prizrenpost.com\/al\/?p=57834"},"modified":"2021-06-25T15:31:44","modified_gmt":"2021-06-25T13:31:44","slug":"komuna-e-prizrenit-le-brendimin-e-qytetit-ne-meshire-te-tendereve","status":"publish","type":"post","link":"https:\/\/prizrenpost.com\/al\/komuna-e-prizrenit-le-brendimin-e-qytetit-ne-meshire-te-tendereve\/","title":{"rendered":"Komuna e Prizrenit l\u00eb brendimin e qytetit n\u00eb m\u00ebshir\u00eb t\u00eb tender\u00ebve"},"content":{"rendered":"<p><img decoding=\"async\" src=\"https:\/\/prizrenpost.com\/al\/wp-content\/uploads\/2016\/08\/kk-prizren-logo.jpg\" alt=\"\" width=\"100%\" height=\"\" class=\"alignleft size-full wp-image-25283\" srcset=\"https:\/\/prizrenpost.com\/al\/wp-content\/uploads\/2016\/08\/kk-prizren-logo.jpg 600w, https:\/\/prizrenpost.com\/al\/wp-content\/uploads\/2016\/08\/kk-prizren-logo-300x161.jpg 300w\" sizes=\"(max-width: 600px) 100vw, 600px\" \/><\/p>\n<p><strong>PRIZREN &#8211; Ndon\u00ebse n\u00eb rrethanat aktuale prioritet kryesor mbetet p\u00ebrballja me pandemin\u00eb Covid 19, RrOK e sheh t\u00eb arsyeshme q\u00eb ta publikoj\u00eb k\u00ebt\u00eb reagim, p\u00ebr faktin se vazhdon monitorimin online t\u00eb Komun\u00ebs, p\u00ebr proceset q\u00eb jan\u00eb n\u00eb vijim e sip\u00ebr.<\/strong><\/p>\n<p>Komuna e Prizrenit m\u00eb 17 mars 2020 ka shpallur procedur\u00eb t\u00eb hapur tenderuese p\u00ebr projektin \u201cKrijimi dhe mir\u00ebmbajtja e brendit p\u00ebr qytetin e Prizrenit\u201d, duke mos i p\u00ebrfillur rekomandimet e dh\u00ebna p\u00ebr brendim, t\u00eb paracaktuara n\u00eb Planin e Menaxhimit t\u00eb Qendr\u00ebs Historike t\u00eb Prizrenit 2019-2028. P\u00ebr m\u00eb tep\u00ebr kjo thirrje p\u00ebrcakton vet\u00ebm kriteret financiare t\u00eb cilat duhet t\u2019i p\u00ebrmbushin operator\u00ebt potencial ekonomik dhe nuk i ka p\u00ebr baz\u00eb kriteret esenciale profesionale t\u00eb p\u00ebrcaktuara nga dokumenti i lartcekur lidhur me brendimin e qytetit t\u00eb Prizrenit.<\/p>\n<p>Brendimi i nj\u00eb vendi, duke p\u00ebrfshir\u00eb marketingun dhe promovimin e tij, \u00ebsht\u00eb nj\u00eb proces i r\u00ebnd\u00ebsish\u00ebm i krijimit t\u00eb imazhit t\u00eb nj\u00eb t\u00ebr\u00ebsie kompozicionale, duke pasur p\u00ebr q\u00ebllim identifikimin dhe v\u00ebnien n\u00eb pah t\u00eb potencialeve kryesore t\u00eb qytetit p\u00ebr komunitetin dhe p\u00ebr publikun e jasht\u00ebm t\u00eb synuar. Si i till\u00eb, RrOK konsideron q\u00eb brendimi duhet t\u00eb jet\u00eb nj\u00eb dokument i besuesh\u00ebm, i matsh\u00ebm dhe i preksh\u00ebm n\u00eb m\u00ebnyr\u00eb q\u00eb t\u00eb fuqizoj\u00eb aspektin identitar t\u00eb qytetit t\u00eb Prizrenit, ashtu si\u00e7 e p\u00ebrcakton edhe Plani i Menaxhimit.<\/p>\n<p>N\u00eb qershor t\u00eb vitit t\u00eb kaluar \u00ebsht\u00eb p\u00ebrmbyllur konsultimi publik p\u00ebrfundimtar i Planit t\u00eb Menaxhimit t\u00eb Qendr\u00ebs Historike t\u00eb Prizrenit 2019-28, nj\u00eb plan i p\u00ebrpjekjeve shum\u00eb vje\u00e7are t\u00eb institucioneve dhe shoq\u00ebris\u00eb civile t\u00eb Prizrenit p\u00ebr mbrojtjen dhe zhvillimin e qendr\u00ebs historike t\u00eb qytetit.<\/p>\n<p>Ky plan, i iniciuar dhe financuar nga Ministria e Kultur\u00ebs, Rinis\u00eb e Sporteve dhe i p\u00ebrkrahur nga Komuna e Prizrenit dhe i zbatuar nga Rrjeti i Organizatave t\u00eb Kultur\u00ebs n\u00eb Prizren, q\u00eb ende nuk \u00ebsht\u00eb miratuar nga Kuvendi i Komun\u00ebs, trajton si kapitull t\u00eb ve\u00e7ant\u00eb tem\u00ebn e brendimit t\u00eb qytetit t\u00eb Prizrenit. N\u00eb k\u00ebt\u00eb kapitull theksohet se p\u00ebrpilimi i detyr\u00ebs projektuese t\u00eb konkursit p\u00ebr brendim t\u00eb qytetit duhet bazuar n\u00eb hapat n\u00eb vijim: 1. Hulumtimi i materialeve arkivore rreth brendimit t\u00eb qytetit t\u00eb Prizrenit, me fokus n\u00eb mbledhje t\u00eb informatave p\u00ebr k\u00ebto fusha: aktivitetet kulturore, trash\u00ebgimia kulturore dhe shpirt\u00ebrore dhe vlerat ambientale; 2. Hapja e konkursit (nd\u00ebrkomb\u00ebtar) m\u00eb shif\u00ebr p\u00ebr metodologji t\u00eb brendimit; 3. Organizimi i pun\u00ebtorive specifike tematike p\u00ebr brendim t\u00eb qytetit dhe formulimin e narracionit kolektiv sipas fushave t\u00eb m\u00ebsip\u00ebrme; 4. Aplikimi i metodave t\u00eb ndryshme t\u00eb gjith\u00ebp\u00ebrfshirjes qytetare n\u00eb tematik\u00eb t\u00eb brendimit (pyet\u00ebsor n\u00eb terren, pyet\u00ebsor online n\u00eb ueb faqen e komun\u00ebs, konkurs fotografie, dhe konkurse tjera t\u00eb ngjashme gjith\u00ebp\u00ebrfshir\u00ebse etj); 5. Dizajnimi dhe zhvillimi i brendit (p\u00ebrfshir\u00eb an\u00ebn tekstuale, konceptuale dhe pamore); 6. Dizajnimi i elementeve dhe shenjave urbane bazuar n\u00eb brendimin e p\u00ebrgjithsh\u00ebm t\u00eb qytetit (p\u00ebrfshir\u00eb edhe shenjat orientuese p\u00ebr k\u00ebmb\u00ebsor\u00eb p\u00ebr trash\u00ebgimi kulturore e natyrore); 7. Aplikimin e brendit n\u00eb mediume t\u00eb ndryshme dhe target audienca t\u00eb ndryshme dhe 8. Monitorimi i brendit dhe menaxhimi. P\u00ebr dokumentin e plot\u00eb t\u00eb PMQHP dhe kapitullin e brendimit (fq.197-207) shih veg\u00ebz\u00ebn n\u00eb vijim: <a href=\"https:\/\/konsultimet.rks-gov.net\/viewConsult.php?ConsultationID=40669\" rel=\"noopener noreferrer\" target=\"_blank\">https:\/\/konsultimet.rks-gov.net\/viewConsult.php?ConsultationID=40669<\/a><\/p>\n<p>Bazuar n\u00eb faktet listuara m\u00eb sip\u00ebr, RrOK b\u00ebn thirrje q\u00eb t\u00eb ri-shqyrtohet l\u00ebnia n\u00eb dor\u00eb e procesit t\u00eb brendimit n\u00eb duart e operator\u00ebve ekonomik dhe i b\u00ebn thirrje Komun\u00ebs s\u00eb Prizrenit q\u00eb t\u00eb p\u00ebrqendrohet n\u00eb rekomandimet e dala nga Plani i Menaxhimit, duke krijuar mund\u00ebsi p\u00ebr p\u00ebrfshirjen e komunitetit, profesionist\u00ebve dhe shoq\u00ebris\u00eb civile n\u00eb k\u00ebt\u00eb proces t\u00eb r\u00ebnd\u00ebsish\u00ebm p\u00ebr qytetin.<\/p>\n<p>RrOK konsideron se Komuna e Prizrenit duhet t\u00eb hartoj\u00eb nj\u00eb proces gjith\u00ebp\u00ebrfshir\u00ebs t\u00eb hartimit t\u00eb procesit t\u00eb brendimit t\u00eb qytetit dhe jo ta reduktoj\u00eb vet\u00ebm n\u00eb nj\u00eb tender t\u00eb form\u00ebs s\u00eb dizajnit grafik. Procesi i brendimit duhet t\u00eb jet\u00eb fillimisht proces i hapur e transparent me publikun dhe m\u00eb pas t\u00eb p\u00ebrfundoj\u00eb apo kulmoj\u00eb me interpetimin grafik t\u00eb saj. Prandaj k\u00ebrkohet nga Komuna e Prizrenit q\u00eb urgjentisht t\u00eb anuloj\u00eb k\u00ebt\u00eb aktivitet t\u00eb prokurimit, ku afati p\u00ebr dor\u00ebzimin e ofertave ka qen\u00eb 6 prill 2020. <\/p>\n<p>Organizatat p\u00ebrkrah\u00ebse:<\/p>\n<p>EC Ma Ndryshe<br \/>\nFondacioni Lumbardhi<br \/>\nFondacioni Legatum<br \/>\nDokufest<br \/>\nNGOMfest<br \/>\nDurmish Aslano<br \/>\nAutostrada Biennale<br \/>\nX40<\/p>\n","protected":false},"excerpt":{"rendered":"<p>PRIZREN &#8211; Ndon\u00ebse n\u00eb rrethanat aktuale prioritet kryesor mbetet p\u00ebrballja me pandemin\u00eb Covid 19, RrOK e sheh t\u00eb arsyeshme q\u00eb ta publikoj\u00eb k\u00ebt\u00eb reagim, p\u00ebr faktin se vazhdon monitorimin online t\u00eb Komun\u00ebs, p\u00ebr proceset q\u00eb jan\u00eb n\u00eb vijim e sip\u00ebr. Komuna e Prizrenit m\u00eb 17 mars 2020 ka shpallur procedur\u00eb t\u00eb hapur tenderuese p\u00ebr projektin [&hellip;]<\/p>\n","protected":false},"author":1,"featured_media":25283,"comment_status":"open","ping_status":"open","sticky":false,"template":"","format":"standard","meta":{"footnotes":""},"categories":[22],"tags":[5576,2435,5575,2097,5574,5573,852,41,5577],"class_list":["post-57834","post","type-post","status-publish","format-standard","has-post-thumbnail","hentry","category-prizren","tag-autostrada-biennale","tag-dokufest","tag-durmish-aslano","tag-ec-ma-ndryshe","tag-fondacioni-legatum","tag-fondacioni-lumbardhi","tag-kuvendi-komunal","tag-prizren","tag-x40"],"_links":{"self":[{"href":"https:\/\/prizrenpost.com\/al\/wp-json\/wp\/v2\/posts\/57834","targetHints":{"allow":["GET"]}}],"collection":[{"href":"https:\/\/prizrenpost.com\/al\/wp-json\/wp\/v2\/posts"}],"about":[{"href":"https:\/\/prizrenpost.com\/al\/wp-json\/wp\/v2\/types\/post"}],"author":[{"embeddable":true,"href":"https:\/\/prizrenpost.com\/al\/wp-json\/wp\/v2\/users\/1"}],"replies":[{"embeddable":true,"href":"https:\/\/prizrenpost.com\/al\/wp-json\/wp\/v2\/comments?post=57834"}],"version-history":[{"count":1,"href":"https:\/\/prizrenpost.com\/al\/wp-json\/wp\/v2\/posts\/57834\/revisions"}],"predecessor-version":[{"id":57835,"href":"https:\/\/prizrenpost.com\/al\/wp-json\/wp\/v2\/posts\/57834\/revisions\/57835"}],"wp:featuredmedia":[{"embeddable":true,"href":"https:\/\/prizrenpost.com\/al\/wp-json\/wp\/v2\/media\/25283"}],"wp:attachment":[{"href":"https:\/\/prizrenpost.com\/al\/wp-json\/wp\/v2\/media?parent=57834"}],"wp:term":[{"taxonomy":"category","embeddable":true,"href":"https:\/\/prizrenpost.com\/al\/wp-json\/wp\/v2\/categories?post=57834"},{"taxonomy":"post_tag","embeddable":true,"href":"https:\/\/prizrenpost.com\/al\/wp-json\/wp\/v2\/tags?post=57834"}],"curies":[{"name":"wp","href":"https:\/\/api.w.org\/{rel}","templated":true}]}}