{"id":57850,"date":"2020-04-17T22:40:32","date_gmt":"2020-04-17T20:40:32","guid":{"rendered":"https:\/\/prizrenpost.com\/al\/?p=57850"},"modified":"2021-06-25T15:31:43","modified_gmt":"2021-06-25T13:31:43","slug":"kjo-eshte-forma-se-si-mund-te-marrni-leje-qarkullimi-brenda-prizrenit","status":"publish","type":"post","link":"https:\/\/prizrenpost.com\/al\/kjo-eshte-forma-se-si-mund-te-marrni-leje-qarkullimi-brenda-prizrenit\/","title":{"rendered":"Kjo \u00ebsht\u00eb forma se si mund t\u00eb marrni leje qarkullimi brenda Prizrenit"},"content":{"rendered":"<p><img decoding=\"async\" src=\"https:\/\/prizrenpost.com\/al\/wp-content\/uploads\/2020\/04\/leje-qarkullimi.jpg\" alt=\"\" width=\"100%\" height=\"\" class=\"alignleft size-full wp-image-57851\" srcset=\"https:\/\/prizrenpost.com\/al\/wp-content\/uploads\/2020\/04\/leje-qarkullimi.jpg 658w, https:\/\/prizrenpost.com\/al\/wp-content\/uploads\/2020\/04\/leje-qarkullimi-300x168.jpg 300w\" sizes=\"(max-width: 658px) 100vw, 658px\" \/><\/p>\n<p><strong>PRIZREN &#8211; Komuna e Prizrenit p\u00ebrmes nj\u00eb njoftimi ka b\u00ebr\u00eb t\u00eb ditur se si mund t\u00eb aplikohet p\u00ebr t\u00eb marr\u00eb leje qarkullimi.<\/strong><\/p>\n<p>M\u00eb posht\u00eb mund t\u00eb gjeni linkun e formularit p\u00ebr aplikim online p\u00ebr leje qarkullimi brenda Komun\u00ebs s\u00eb Prizrenit, p\u00ebr personat fizik\u00eb dhe p\u00ebr fermer\u00eb.<\/p>\n<p><a href=\"https:\/\/forms.gle\/EReyjcquAFbHbEGL6\" rel=\"noopener noreferrer\" target=\"_blank\">https:\/\/forms.gle\/EReyjcquAFbHbEGL6<\/a><\/p>\n<p>P\u00ebr t\u00eb p\u00ebrfunduar aplikimin, duhet t\u00eb plot\u00ebsohen t\u00eb gjitha informacionet e k\u00ebrkuara brenda k\u00ebtij formulari. Pas shqyrtimit t\u00eb k\u00ebrkes\u00ebs nga Shtabi Emergjent Lokal i Komun\u00ebs s\u00eb Prizrenit, pal\u00ebt njoftohen n\u00eb rast t\u00eb aprovimit nga Komuna.<\/p>\n<p>K\u00ebrkesa nga ky formular vlen vet\u00ebm p\u00ebr qarkullim brenda territorit t\u00eb Komun\u00ebs s\u00eb Prizrenit, nd\u00ebrsa p\u00ebr l\u00ebvizjet jasht\u00eb Prizrenit dhe p\u00ebr t\u00eb hyr\u00eb n\u00eb Komun\u00ebn e Prizrenit, duhet t\u00eb b\u00ebhet k\u00ebrkes\u00eb n\u00eb Shtabin Emergjent t\u00eb Komun\u00ebs s\u00eb Prizrenit p\u00ebrmes email-it: shtabiemergjent.kpz@gmail.com. K\u00ebrkesa m\u00eb pas p\u00ebrcillet p\u00ebr aprovim te Ministria e Pun\u00ebve t\u00eb Brendshme dhe Administrat\u00ebs Publike.<\/p>\n","protected":false},"excerpt":{"rendered":"<p>PRIZREN &#8211; Komuna e Prizrenit p\u00ebrmes nj\u00eb njoftimi ka b\u00ebr\u00eb t\u00eb ditur se si mund t\u00eb aplikohet p\u00ebr t\u00eb marr\u00eb leje qarkullimi. M\u00eb posht\u00eb mund t\u00eb gjeni linkun e formularit p\u00ebr aplikim online p\u00ebr leje qarkullimi brenda Komun\u00ebs s\u00eb Prizrenit, p\u00ebr personat fizik\u00eb dhe p\u00ebr fermer\u00eb. https:\/\/forms.gle\/EReyjcquAFbHbEGL6 P\u00ebr t\u00eb p\u00ebrfunduar aplikimin, duhet t\u00eb plot\u00ebsohen t\u00eb [&hellip;]<\/p>\n","protected":false},"author":1,"featured_media":57851,"comment_status":"open","ping_status":"open","sticky":false,"template":"","format":"standard","meta":{"footnotes":""},"categories":[1,22],"tags":[3803,5558,5578,41,5579],"class_list":["post-57850","post","type-post","status-publish","format-standard","has-post-thumbnail","hentry","category-lajme","category-prizren","tag-aktuale","tag-coronavirus","tag-leje-qarkullimi","tag-prizren","tag-shtabi-emergjent"],"_links":{"self":[{"href":"https:\/\/prizrenpost.com\/al\/wp-json\/wp\/v2\/posts\/57850","targetHints":{"allow":["GET"]}}],"collection":[{"href":"https:\/\/prizrenpost.com\/al\/wp-json\/wp\/v2\/posts"}],"about":[{"href":"https:\/\/prizrenpost.com\/al\/wp-json\/wp\/v2\/types\/post"}],"author":[{"embeddable":true,"href":"https:\/\/prizrenpost.com\/al\/wp-json\/wp\/v2\/users\/1"}],"replies":[{"embeddable":true,"href":"https:\/\/prizrenpost.com\/al\/wp-json\/wp\/v2\/comments?post=57850"}],"version-history":[{"count":2,"href":"https:\/\/prizrenpost.com\/al\/wp-json\/wp\/v2\/posts\/57850\/revisions"}],"predecessor-version":[{"id":57853,"href":"https:\/\/prizrenpost.com\/al\/wp-json\/wp\/v2\/posts\/57850\/revisions\/57853"}],"wp:featuredmedia":[{"embeddable":true,"href":"https:\/\/prizrenpost.com\/al\/wp-json\/wp\/v2\/media\/57851"}],"wp:attachment":[{"href":"https:\/\/prizrenpost.com\/al\/wp-json\/wp\/v2\/media?parent=57850"}],"wp:term":[{"taxonomy":"category","embeddable":true,"href":"https:\/\/prizrenpost.com\/al\/wp-json\/wp\/v2\/categories?post=57850"},{"taxonomy":"post_tag","embeddable":true,"href":"https:\/\/prizrenpost.com\/al\/wp-json\/wp\/v2\/tags?post=57850"}],"curies":[{"name":"wp","href":"https:\/\/api.w.org\/{rel}","templated":true}]}}