{"id":57896,"date":"2020-04-26T14:02:05","date_gmt":"2020-04-26T12:02:05","guid":{"rendered":"https:\/\/prizrenpost.com\/al\/?p=57896"},"modified":"2021-06-25T15:31:43","modified_gmt":"2021-06-25T13:31:43","slug":"vdes-edhe-nje-person-nga-coronavirusi-shkon-ne-21-numri-i-viktimave-ne-kosove","status":"publish","type":"post","link":"https:\/\/prizrenpost.com\/al\/vdes-edhe-nje-person-nga-coronavirusi-shkon-ne-21-numri-i-viktimave-ne-kosove\/","title":{"rendered":"Vdes edhe nj\u00eb person nga coronavirusi, shkon n\u00eb 21 numri i viktimave n\u00eb Kosov\u00eb"},"content":{"rendered":"<p><img decoding=\"async\" src=\"https:\/\/prizrenpost.com\/al\/wp-content\/uploads\/2020\/04\/covid19.jpg\" alt=\"\" width=\"100%\" height=\"\" class=\"alignleft size-full wp-image-57824\" srcset=\"https:\/\/prizrenpost.com\/al\/wp-content\/uploads\/2020\/04\/covid19.jpg 780w, https:\/\/prizrenpost.com\/al\/wp-content\/uploads\/2020\/04\/covid19-300x169.jpg 300w, https:\/\/prizrenpost.com\/al\/wp-content\/uploads\/2020\/04\/covid19-768x432.jpg 768w\" sizes=\"(max-width: 780px) 100vw, 780px\" \/><\/p>\n<p><strong>PRISHTIN\u00cb &#8211; Gjat\u00eb dit\u00ebs s\u00eb sotme, edhe nj\u00eb pacient i prekur me coronavirus n\u00eb Kosov\u00eb ka nd\u00ebrruar jet\u00eb, duke e \u00e7uar k\u00ebshtu n\u00eb 21 numrin e viktimave nga kjo pandemi n\u00eb Kosov\u00eb.<\/strong><\/p>\n<p>Viktima \u00ebsht\u00eb nj\u00eb 44-vje\u00e7ar nga Komuna e Gjilanit, kurse lajmin e ka konfirmuar Ministria e Sh\u00ebndet\u00ebsis\u00eb.<\/p>\n<p>\u201cKlinika Infektive ka njoftuar se sot me dat\u00eb 26\/04\/ 2020 n\u00eb or\u00ebt e mesdit\u00ebs ka p\u00ebrfunduar me vdekje pacienti me inicialet M.I. (1976), nga komuna e Gjilanit\u201d.<\/p>\n<p>Pacienti \u00ebsht\u00eb hospitalizuar n\u00eb Klinik\u00ebn Infektive me dat\u00ebn 17\/04\/2020, \u00ebsht\u00eb konfirmuar me COVID-19, dhe \u00ebsht\u00eb pranuar n\u00eb gjendje shum\u00eb t\u00eb r\u00ebnd\u00eb. I nj\u00ebjti vuante edhe nga s\u00ebmundje t\u00eb tjera\u201d, thuhet n\u00eb njoftim, p\u00ebrcjell Telegrafi.<\/p>\n<p>Kjo \u00ebsht\u00eb vdekja e 21-t\u00eb n\u00eb Kosov\u00eb prej coronavirusit COVID-19.<\/p>\n<p>Kosova aktualisht ka konfirmuar 731 raste me coronavirus, nd\u00ebrsa 165 jan\u00eb sh\u00ebruar. <\/p>\n","protected":false},"excerpt":{"rendered":"<p>PRISHTIN\u00cb &#8211; Gjat\u00eb dit\u00ebs s\u00eb sotme, edhe nj\u00eb pacient i prekur me coronavirus n\u00eb Kosov\u00eb ka nd\u00ebrruar jet\u00eb, duke e \u00e7uar k\u00ebshtu n\u00eb 21 numrin e viktimave nga kjo pandemi n\u00eb Kosov\u00eb. Viktima \u00ebsht\u00eb nj\u00eb 44-vje\u00e7ar nga Komuna e Gjilanit, kurse lajmin e ka konfirmuar Ministria e Sh\u00ebndet\u00ebsis\u00eb. \u201cKlinika Infektive ka njoftuar se sot me [&hellip;]<\/p>\n","protected":false},"author":1,"featured_media":57824,"comment_status":"open","ping_status":"open","sticky":false,"template":"","format":"standard","meta":{"footnotes":""},"categories":[1],"tags":[3803,5558,5583,48],"class_list":["post-57896","post","type-post","status-publish","format-standard","has-post-thumbnail","hentry","category-lajme","tag-aktuale","tag-coronavirus","tag-covid19","tag-kosove"],"_links":{"self":[{"href":"https:\/\/prizrenpost.com\/al\/wp-json\/wp\/v2\/posts\/57896","targetHints":{"allow":["GET"]}}],"collection":[{"href":"https:\/\/prizrenpost.com\/al\/wp-json\/wp\/v2\/posts"}],"about":[{"href":"https:\/\/prizrenpost.com\/al\/wp-json\/wp\/v2\/types\/post"}],"author":[{"embeddable":true,"href":"https:\/\/prizrenpost.com\/al\/wp-json\/wp\/v2\/users\/1"}],"replies":[{"embeddable":true,"href":"https:\/\/prizrenpost.com\/al\/wp-json\/wp\/v2\/comments?post=57896"}],"version-history":[{"count":1,"href":"https:\/\/prizrenpost.com\/al\/wp-json\/wp\/v2\/posts\/57896\/revisions"}],"predecessor-version":[{"id":57897,"href":"https:\/\/prizrenpost.com\/al\/wp-json\/wp\/v2\/posts\/57896\/revisions\/57897"}],"wp:featuredmedia":[{"embeddable":true,"href":"https:\/\/prizrenpost.com\/al\/wp-json\/wp\/v2\/media\/57824"}],"wp:attachment":[{"href":"https:\/\/prizrenpost.com\/al\/wp-json\/wp\/v2\/media?parent=57896"}],"wp:term":[{"taxonomy":"category","embeddable":true,"href":"https:\/\/prizrenpost.com\/al\/wp-json\/wp\/v2\/categories?post=57896"},{"taxonomy":"post_tag","embeddable":true,"href":"https:\/\/prizrenpost.com\/al\/wp-json\/wp\/v2\/tags?post=57896"}],"curies":[{"name":"wp","href":"https:\/\/api.w.org\/{rel}","templated":true}]}}