{"id":57913,"date":"2020-04-30T18:20:53","date_gmt":"2020-04-30T16:20:53","guid":{"rendered":"https:\/\/prizrenpost.com\/al\/?p=57913"},"modified":"2021-06-25T15:31:42","modified_gmt":"2021-06-25T13:31:42","slug":"shpallet-i-mbyllur-kampionati-ne-france-psg-kampion-i-ri","status":"publish","type":"post","link":"https:\/\/prizrenpost.com\/al\/shpallet-i-mbyllur-kampionati-ne-france-psg-kampion-i-ri\/","title":{"rendered":"Shpallet i mbyllur kampionati n\u00eb Franc\u00eb, PSG kampion i ri"},"content":{"rendered":"<p><img decoding=\"async\" src=\"https:\/\/prizrenpost.com\/al\/wp-content\/uploads\/2020\/04\/psg.jpg\" alt=\"\" width=\"100%\" height=\"\" class=\"alignleft size-full wp-image-57914\" srcset=\"https:\/\/prizrenpost.com\/al\/wp-content\/uploads\/2020\/04\/psg.jpg 780w, https:\/\/prizrenpost.com\/al\/wp-content\/uploads\/2020\/04\/psg-300x169.jpg 300w, https:\/\/prizrenpost.com\/al\/wp-content\/uploads\/2020\/04\/psg-768x432.jpg 768w\" sizes=\"(max-width: 780px) 100vw, 780px\" \/><\/p>\n<p><strong>Ka mbaruar edhe zyrtarisht sezoni 2019-2020 n\u00eb elit\u00ebn e futbollit francez Ligue 1 si dhe n\u00eb Ligue 2.<\/strong><\/p>\n<p>Ka qen\u00eb kryeministri francez Edouard Philippe q\u00eb ka marr\u00eb nj\u00eb vendim t\u00eb till\u00eb dy dit\u00eb m\u00eb par\u00eb.<\/p>\n<p>Kampionati francez ishte mbyllur me 13 mars p\u00ebr shkak t\u00eb p\u00ebrhapjes s\u00eb madhe t\u00eb pandemis\u00eb Covid-19 n\u00eb Franc\u00eb.<\/p>\n<p>E tani gazetari i L\u2019Equipe, Domenighetti Joel ka raportuar se Ligue 1 do t\u2019ia dor\u00ebzoj\u00eb titullin skuadr\u00ebs liedere pas 28 jav\u00ebve Paris Saint Germain.<\/p>\n<p>PSG ishte duke udh\u00ebhequr me 12 pik\u00eb m\u00eb shum\u00eb se ndjek\u00ebsi m\u00eb i af\u00ebrt Olympique Marseille.<\/p>\n","protected":false},"excerpt":{"rendered":"<p>Ka mbaruar edhe zyrtarisht sezoni 2019-2020 n\u00eb elit\u00ebn e futbollit francez Ligue 1 si dhe n\u00eb Ligue 2. Ka qen\u00eb kryeministri francez Edouard Philippe q\u00eb ka marr\u00eb nj\u00eb vendim t\u00eb till\u00eb dy dit\u00eb m\u00eb par\u00eb. Kampionati francez ishte mbyllur me 13 mars p\u00ebr shkak t\u00eb p\u00ebrhapjes s\u00eb madhe t\u00eb pandemis\u00eb Covid-19 n\u00eb Franc\u00eb. E tani [&hellip;]<\/p>\n","protected":false},"author":1,"featured_media":57914,"comment_status":"open","ping_status":"open","sticky":false,"template":"","format":"standard","meta":{"footnotes":""},"categories":[7],"tags":[5558,1377,1565,1701,1345],"class_list":["post-57913","post","type-post","status-publish","format-standard","has-post-thumbnail","hentry","category-sport","tag-coronavirus","tag-france","tag-kampion","tag-ligue-1","tag-paris-saint-germain"],"_links":{"self":[{"href":"https:\/\/prizrenpost.com\/al\/wp-json\/wp\/v2\/posts\/57913","targetHints":{"allow":["GET"]}}],"collection":[{"href":"https:\/\/prizrenpost.com\/al\/wp-json\/wp\/v2\/posts"}],"about":[{"href":"https:\/\/prizrenpost.com\/al\/wp-json\/wp\/v2\/types\/post"}],"author":[{"embeddable":true,"href":"https:\/\/prizrenpost.com\/al\/wp-json\/wp\/v2\/users\/1"}],"replies":[{"embeddable":true,"href":"https:\/\/prizrenpost.com\/al\/wp-json\/wp\/v2\/comments?post=57913"}],"version-history":[{"count":1,"href":"https:\/\/prizrenpost.com\/al\/wp-json\/wp\/v2\/posts\/57913\/revisions"}],"predecessor-version":[{"id":57915,"href":"https:\/\/prizrenpost.com\/al\/wp-json\/wp\/v2\/posts\/57913\/revisions\/57915"}],"wp:featuredmedia":[{"embeddable":true,"href":"https:\/\/prizrenpost.com\/al\/wp-json\/wp\/v2\/media\/57914"}],"wp:attachment":[{"href":"https:\/\/prizrenpost.com\/al\/wp-json\/wp\/v2\/media?parent=57913"}],"wp:term":[{"taxonomy":"category","embeddable":true,"href":"https:\/\/prizrenpost.com\/al\/wp-json\/wp\/v2\/categories?post=57913"},{"taxonomy":"post_tag","embeddable":true,"href":"https:\/\/prizrenpost.com\/al\/wp-json\/wp\/v2\/tags?post=57913"}],"curies":[{"name":"wp","href":"https:\/\/api.w.org\/{rel}","templated":true}]}}