{"id":57927,"date":"2020-05-02T17:55:55","date_gmt":"2020-05-02T15:55:55","guid":{"rendered":"https:\/\/prizrenpost.com\/al\/?p=57927"},"modified":"2021-06-25T15:31:42","modified_gmt":"2021-06-25T13:31:42","slug":"kryeministri-kurti-paralajmeron-lehtesim-te-masave-te-covid-19","status":"publish","type":"post","link":"https:\/\/prizrenpost.com\/al\/kryeministri-kurti-paralajmeron-lehtesim-te-masave-te-covid-19\/","title":{"rendered":"Kryeministri Kurti paralajm\u00ebron leht\u00ebsim t\u00eb masave t\u00eb Covid-19"},"content":{"rendered":"<p><img decoding=\"async\" src=\"https:\/\/prizrenpost.com\/al\/wp-content\/uploads\/2020\/05\/kurti.jpg\" alt=\"\" width=\"100%\" height=\"\" class=\"alignleft size-full wp-image-57928\" srcset=\"https:\/\/prizrenpost.com\/al\/wp-content\/uploads\/2020\/05\/kurti.jpg 1080w, https:\/\/prizrenpost.com\/al\/wp-content\/uploads\/2020\/05\/kurti-300x200.jpg 300w, https:\/\/prizrenpost.com\/al\/wp-content\/uploads\/2020\/05\/kurti-1024x683.jpg 1024w, https:\/\/prizrenpost.com\/al\/wp-content\/uploads\/2020\/05\/kurti-768x512.jpg 768w\" sizes=\"(max-width: 1080px) 100vw, 1080px\" \/><\/p>\n<p><strong>PRISHTIN\u00cb &#8211; Kryeministri n\u00eb detyr\u00eb, Albin Kurti, ka th\u00ebn\u00eb se pas 50 dite nga rasti i par\u00eb me COVID-19, situata n\u00eb Kosov\u00eb \u00ebsht\u00eb normalizuar.<\/strong><\/p>\n<p>Kurti p\u00ebr k\u00ebt\u00eb ka fal\u00ebnderuar t\u00eb gjith\u00eb ata q\u00eb kan\u00eb qen\u00eb n\u00eb dispozicion p\u00ebr t\u00eb menaxhuar situat\u00ebn, p\u00ebrfshir\u00eb mjek\u00ebt, infermier\u00ebt, polic\u00ebt etj.<\/p>\n<p><em>\u201cSot jan\u00eb b\u00ebr\u00eb 50 dit\u00eb nga rasti i par\u00eb i virusit Corona n\u00eb Kosov\u00eb. Duke ju fal\u00ebnderuar Ministris\u00eb s\u00eb Sh\u00ebndet\u00ebsis\u00eb, Institutit Komb\u00ebtar t\u00eb Sh\u00ebndet\u00ebsis\u00eb Publike, forcave policore, dhe t\u00eb gjith\u00eb mjek\u00ebve, infermier\u00ebve, dhe vullnetar\u00ebve, gjendja epidemiologjike n\u00eb Kosov\u00eb ka filluar t\u00eb normalizohet, sidomos p\u00ebr shkak t\u00eb v\u00ebnies s\u00eb masave m\u00eb t\u00eb fundit parandaluese t\u00eb 15 prillit\u201d, shkruan Kurti.<\/p>\n<p>Kryeministri n\u00eb detyr\u00eb ka paralajm\u00ebruar se do t\u00eb fillohet n\u00eb leht\u00ebsimin gradual t\u00eb masave n\u00eb fuqi.<\/p>\n<p>\u201cEdhe pse m\u00eb shum\u00eb teste jan\u00eb duke u administruar jav\u00ebt e fundit, gjithnj\u00eb e m\u00eb pak qytetar\u00eb po rezultojn\u00eb t\u00eb infektuar me virusin Corona. Kemi m\u00eb pak raste t\u00eb infektimeve, m\u00eb shum\u00eb raste t\u00eb sh\u00ebrimeve, dhe si rezultat, numri i rasteve aktive ka marr\u00eb kahje t\u00eb d\u00ebshiruar.<\/p>\n<p>Si gjithnj\u00eb, vazhdojm\u00eb me kujdes dhe pa panik. Rreziku nuk ka kaluar ende. Por fal\u00eb bashk\u00ebpunimit t\u00eb t\u00eb gjith\u00ebve, jemi n\u00eb gjendje q\u00eb t\u00eb nisim leht\u00ebsimin gradual t\u00eb masave n\u00eb fuqi. Ju lumt\u00eb\u201d, ka shkruar Kurti.<\/em><\/p>\n","protected":false},"excerpt":{"rendered":"<p>PRISHTIN\u00cb &#8211; Kryeministri n\u00eb detyr\u00eb, Albin Kurti, ka th\u00ebn\u00eb se pas 50 dite nga rasti i par\u00eb me COVID-19, situata n\u00eb Kosov\u00eb \u00ebsht\u00eb normalizuar. Kurti p\u00ebr k\u00ebt\u00eb ka fal\u00ebnderuar t\u00eb gjith\u00eb ata q\u00eb kan\u00eb qen\u00eb n\u00eb dispozicion p\u00ebr t\u00eb menaxhuar situat\u00ebn, p\u00ebrfshir\u00eb mjek\u00ebt, infermier\u00ebt, polic\u00ebt etj. \u201cSot jan\u00eb b\u00ebr\u00eb 50 dit\u00eb nga rasti i par\u00eb [&hellip;]<\/p>\n","protected":false},"author":1,"featured_media":57928,"comment_status":"open","ping_status":"open","sticky":false,"template":"","format":"standard","meta":{"footnotes":""},"categories":[1],"tags":[3803,877,5558,5583,48,864],"class_list":["post-57927","post","type-post","status-publish","format-standard","has-post-thumbnail","hentry","category-lajme","tag-aktuale","tag-albin-kurti","tag-coronavirus","tag-covid19","tag-kosove","tag-kryeministri"],"_links":{"self":[{"href":"https:\/\/prizrenpost.com\/al\/wp-json\/wp\/v2\/posts\/57927","targetHints":{"allow":["GET"]}}],"collection":[{"href":"https:\/\/prizrenpost.com\/al\/wp-json\/wp\/v2\/posts"}],"about":[{"href":"https:\/\/prizrenpost.com\/al\/wp-json\/wp\/v2\/types\/post"}],"author":[{"embeddable":true,"href":"https:\/\/prizrenpost.com\/al\/wp-json\/wp\/v2\/users\/1"}],"replies":[{"embeddable":true,"href":"https:\/\/prizrenpost.com\/al\/wp-json\/wp\/v2\/comments?post=57927"}],"version-history":[{"count":1,"href":"https:\/\/prizrenpost.com\/al\/wp-json\/wp\/v2\/posts\/57927\/revisions"}],"predecessor-version":[{"id":57929,"href":"https:\/\/prizrenpost.com\/al\/wp-json\/wp\/v2\/posts\/57927\/revisions\/57929"}],"wp:featuredmedia":[{"embeddable":true,"href":"https:\/\/prizrenpost.com\/al\/wp-json\/wp\/v2\/media\/57928"}],"wp:attachment":[{"href":"https:\/\/prizrenpost.com\/al\/wp-json\/wp\/v2\/media?parent=57927"}],"wp:term":[{"taxonomy":"category","embeddable":true,"href":"https:\/\/prizrenpost.com\/al\/wp-json\/wp\/v2\/categories?post=57927"},{"taxonomy":"post_tag","embeddable":true,"href":"https:\/\/prizrenpost.com\/al\/wp-json\/wp\/v2\/tags?post=57927"}],"curies":[{"name":"wp","href":"https:\/\/api.w.org\/{rel}","templated":true}]}}