{"id":57962,"date":"2020-05-03T20:22:39","date_gmt":"2020-05-03T18:22:39","guid":{"rendered":"https:\/\/prizrenpost.com\/al\/?p=57962"},"modified":"2021-06-25T15:31:41","modified_gmt":"2021-06-25T13:31:41","slug":"deshmitari-26-vjecari-qe-vdiq-kishte-probleme-shendetesore-dhe-nuk-donte-te-futej-ne-karantine","status":"publish","type":"post","link":"https:\/\/prizrenpost.com\/al\/deshmitari-26-vjecari-qe-vdiq-kishte-probleme-shendetesore-dhe-nuk-donte-te-futej-ne-karantine\/","title":{"rendered":"D\u00ebshmitari: 26 vje\u00e7ari q\u00eb vdiq, kishte probleme sh\u00ebndet\u00ebsore dhe nuk donte t\u00eb futej n\u00eb karantin\u00eb"},"content":{"rendered":"<p><img decoding=\"async\" src=\"https:\/\/prizrenpost.com\/al\/wp-content\/uploads\/2020\/05\/qendra-e-studenteve.jpg\" alt=\"\" width=\"100%\" height=\"\" class=\"alignleft size-full wp-image-57963\" srcset=\"https:\/\/prizrenpost.com\/al\/wp-content\/uploads\/2020\/05\/qendra-e-studenteve.jpg 846w, https:\/\/prizrenpost.com\/al\/wp-content\/uploads\/2020\/05\/qendra-e-studenteve-300x168.jpg 300w, https:\/\/prizrenpost.com\/al\/wp-content\/uploads\/2020\/05\/qendra-e-studenteve-768x429.jpg 768w\" sizes=\"(max-width: 846px) 100vw, 846px\" \/><\/p>\n<p><strong>PRISHTIN\u00cb &#8211; Nj\u00eb 26-vje\u00e7ar nga Gjilani \u00ebsht\u00eb hedhur nga kati i kat\u00ebrt sot n\u00eb Qendr\u00ebn e Student\u00ebve n\u00eb Prishtin\u00eb, e cila po shfryt\u00ebzohet si karantin\u00eb. Menj\u00ebher\u00eb pas rastit n\u00eb vendin e ngjarjes ka dal\u00eb Ekipi Mjek\u00ebsor i Forenzik\u00ebs i cili e ka d\u00ebrguar n\u00eb QKUK, ku edhe ka nd\u00ebrruar jet\u00eb.<\/strong><\/p>\n<p>26-vje\u00e7ari kishte ardhur dje nga Gjermania dhe kishte rezistuar t\u00eb futej n\u00eb karantin\u00eb p\u00ebr shkak t\u00eb problemeve sh\u00ebndet\u00ebsore.<\/p>\n<p>Kjo \u00ebsht\u00eb b\u00ebr\u00eb e ditur p\u00ebr KosovaPress nga nj\u00eb d\u00ebshmitar i cili po ashtu \u00ebsht\u00eb n\u00eb karantin\u00eb n\u00eb Qendr\u00ebn e Student\u00ebve.<\/p>\n<p>\u201cNe ishim n\u00ebp\u00ebr dhoma, ku duhet t\u00eb q\u00ebndrojm\u00eb si zakonisht. Papritmas vjen nj\u00eb pun\u00ebtor i imi pasi q\u00eb ne jemi nj\u00eb staf q\u00eb kemi ardhur dit\u00ebn e enjte dhe m\u00eb tha: eja, shiko \u00e7far\u00eb ka ndodhur. Kur u afrova te dritarja, e pash q\u00eb kishte k\u00ebrcyer nga kati i kat\u00ebrt i konviktit num\u00ebr shtat\u00eb nj\u00eb person. Personi q\u00eb ka k\u00ebrcyer nga qendra e konvikteve ka ardhur dje nga Gjermania. Ai ka rezistuar q\u00eb t\u00eb mos futet n\u00eb konvikt p\u00ebr shkak se sipas informatave ka pasur probleme sh\u00ebndet\u00ebsore. Ai ia ka treguar dokumentet policis\u00eb p\u00ebr problemet q\u00eb ka, por askush nuk \u00ebsht\u00eb marr\u00eb me k\u00ebrkes\u00ebn e tij\u201d, tha ai.<\/p>\n<p>N\u00eb QKUK kan\u00eb konfirmuar  se nj\u00eb pacient nga Qendra e Student\u00ebve ka nd\u00ebrruar jet\u00eb, duke mos dh\u00ebn\u00eb m\u00eb shum\u00eb detaje.<\/p>\n","protected":false},"excerpt":{"rendered":"<p>PRISHTIN\u00cb &#8211; Nj\u00eb 26-vje\u00e7ar nga Gjilani \u00ebsht\u00eb hedhur nga kati i kat\u00ebrt sot n\u00eb Qendr\u00ebn e Student\u00ebve n\u00eb Prishtin\u00eb, e cila po shfryt\u00ebzohet si karantin\u00eb. Menj\u00ebher\u00eb pas rastit n\u00eb vendin e ngjarjes ka dal\u00eb Ekipi Mjek\u00ebsor i Forenzik\u00ebs i cili e ka d\u00ebrguar n\u00eb QKUK, ku edhe ka nd\u00ebrruar jet\u00eb. 26-vje\u00e7ari kishte ardhur dje nga [&hellip;]<\/p>\n","protected":false},"author":1,"featured_media":57963,"comment_status":"open","ping_status":"open","sticky":false,"template":"","format":"standard","meta":{"footnotes":""},"categories":[1],"tags":[3803,48,1113,5591],"class_list":["post-57962","post","type-post","status-publish","format-standard","has-post-thumbnail","hentry","category-lajme","tag-aktuale","tag-kosove","tag-prishtine","tag-qendra-e-studenteve"],"_links":{"self":[{"href":"https:\/\/prizrenpost.com\/al\/wp-json\/wp\/v2\/posts\/57962","targetHints":{"allow":["GET"]}}],"collection":[{"href":"https:\/\/prizrenpost.com\/al\/wp-json\/wp\/v2\/posts"}],"about":[{"href":"https:\/\/prizrenpost.com\/al\/wp-json\/wp\/v2\/types\/post"}],"author":[{"embeddable":true,"href":"https:\/\/prizrenpost.com\/al\/wp-json\/wp\/v2\/users\/1"}],"replies":[{"embeddable":true,"href":"https:\/\/prizrenpost.com\/al\/wp-json\/wp\/v2\/comments?post=57962"}],"version-history":[{"count":1,"href":"https:\/\/prizrenpost.com\/al\/wp-json\/wp\/v2\/posts\/57962\/revisions"}],"predecessor-version":[{"id":57964,"href":"https:\/\/prizrenpost.com\/al\/wp-json\/wp\/v2\/posts\/57962\/revisions\/57964"}],"wp:featuredmedia":[{"embeddable":true,"href":"https:\/\/prizrenpost.com\/al\/wp-json\/wp\/v2\/media\/57963"}],"wp:attachment":[{"href":"https:\/\/prizrenpost.com\/al\/wp-json\/wp\/v2\/media?parent=57962"}],"wp:term":[{"taxonomy":"category","embeddable":true,"href":"https:\/\/prizrenpost.com\/al\/wp-json\/wp\/v2\/categories?post=57962"},{"taxonomy":"post_tag","embeddable":true,"href":"https:\/\/prizrenpost.com\/al\/wp-json\/wp\/v2\/tags?post=57962"}],"curies":[{"name":"wp","href":"https:\/\/api.w.org\/{rel}","templated":true}]}}