{"id":58008,"date":"2020-05-06T01:56:11","date_gmt":"2020-05-05T23:56:11","guid":{"rendered":"https:\/\/prizrenpost.com\/al\/?p=58008"},"modified":"2021-06-25T15:31:41","modified_gmt":"2021-06-25T13:31:41","slug":"kryeministri-mirepret-renien-e-rasteve-te-reja-me-coronavirus","status":"publish","type":"post","link":"https:\/\/prizrenpost.com\/al\/kryeministri-mirepret-renien-e-rasteve-te-reja-me-coronavirus\/","title":{"rendered":"Kryeministri mir\u00ebpret r\u00ebnien e rasteve t\u00eb reja me Coronavirus"},"content":{"rendered":"<p><img decoding=\"async\" src=\"https:\/\/prizrenpost.com\/al\/wp-content\/uploads\/2020\/05\/Kurti-1.jpg\" alt=\"\" width=\"100%\" height=\"\" class=\"alignleft size-full wp-image-57967\" srcset=\"https:\/\/prizrenpost.com\/al\/wp-content\/uploads\/2020\/05\/Kurti-1.jpg 1080w, https:\/\/prizrenpost.com\/al\/wp-content\/uploads\/2020\/05\/Kurti-1-300x200.jpg 300w, https:\/\/prizrenpost.com\/al\/wp-content\/uploads\/2020\/05\/Kurti-1-1024x683.jpg 1024w, https:\/\/prizrenpost.com\/al\/wp-content\/uploads\/2020\/05\/Kurti-1-768x512.jpg 768w\" sizes=\"(max-width: 1080px) 100vw, 1080px\" \/><\/p>\n<p><strong>PRISHTIN\u00cb &#8211; Kryeministri n\u00eb detyr\u00eb i Kosov\u00ebs Albin Kurti ka deklaruar se r\u00ebnia e numrit me raste t\u00eb reja me COVID-19 n\u00eb nivel vendi \u00ebsht\u00eb merit\u00eb e pun\u00ebs s\u00eb palodhshme t\u00eb punonj\u00ebsve sh\u00ebndet\u00ebsor\u00eb.<\/strong><\/p>\n<p>\u201cPa gjendje t\u00eb jasht\u00ebzakonshme, por me pun\u00eb dhe p\u00ebrgjegj\u00ebsi t\u00eb pazakont\u00eb, sonte nga 220 teste p\u00ebr virusin korona, 87 rezultojn\u00eb t\u00eb sh\u00ebruar e vet\u00ebm 1 pozitiv\u201d, ka shkruar Kurti n\u00eb Facebook.<\/p>\n","protected":false},"excerpt":{"rendered":"<p>PRISHTIN\u00cb &#8211; Kryeministri n\u00eb detyr\u00eb i Kosov\u00ebs Albin Kurti ka deklaruar se r\u00ebnia e numrit me raste t\u00eb reja me COVID-19 n\u00eb nivel vendi \u00ebsht\u00eb merit\u00eb e pun\u00ebs s\u00eb palodhshme t\u00eb punonj\u00ebsve sh\u00ebndet\u00ebsor\u00eb. \u201cPa gjendje t\u00eb jasht\u00ebzakonshme, por me pun\u00eb dhe p\u00ebrgjegj\u00ebsi t\u00eb pazakont\u00eb, sonte nga 220 teste p\u00ebr virusin korona, 87 rezultojn\u00eb t\u00eb sh\u00ebruar [&hellip;]<\/p>\n","protected":false},"author":1,"featured_media":57967,"comment_status":"open","ping_status":"open","sticky":false,"template":"","format":"standard","meta":{"footnotes":""},"categories":[1],"tags":[3803,877,5558,5583,48,864],"class_list":["post-58008","post","type-post","status-publish","format-standard","has-post-thumbnail","hentry","category-lajme","tag-aktuale","tag-albin-kurti","tag-coronavirus","tag-covid19","tag-kosove","tag-kryeministri"],"_links":{"self":[{"href":"https:\/\/prizrenpost.com\/al\/wp-json\/wp\/v2\/posts\/58008","targetHints":{"allow":["GET"]}}],"collection":[{"href":"https:\/\/prizrenpost.com\/al\/wp-json\/wp\/v2\/posts"}],"about":[{"href":"https:\/\/prizrenpost.com\/al\/wp-json\/wp\/v2\/types\/post"}],"author":[{"embeddable":true,"href":"https:\/\/prizrenpost.com\/al\/wp-json\/wp\/v2\/users\/1"}],"replies":[{"embeddable":true,"href":"https:\/\/prizrenpost.com\/al\/wp-json\/wp\/v2\/comments?post=58008"}],"version-history":[{"count":2,"href":"https:\/\/prizrenpost.com\/al\/wp-json\/wp\/v2\/posts\/58008\/revisions"}],"predecessor-version":[{"id":63836,"href":"https:\/\/prizrenpost.com\/al\/wp-json\/wp\/v2\/posts\/58008\/revisions\/63836"}],"wp:featuredmedia":[{"embeddable":true,"href":"https:\/\/prizrenpost.com\/al\/wp-json\/wp\/v2\/media\/57967"}],"wp:attachment":[{"href":"https:\/\/prizrenpost.com\/al\/wp-json\/wp\/v2\/media?parent=58008"}],"wp:term":[{"taxonomy":"category","embeddable":true,"href":"https:\/\/prizrenpost.com\/al\/wp-json\/wp\/v2\/categories?post=58008"},{"taxonomy":"post_tag","embeddable":true,"href":"https:\/\/prizrenpost.com\/al\/wp-json\/wp\/v2\/tags?post=58008"}],"curies":[{"name":"wp","href":"https:\/\/api.w.org\/{rel}","templated":true}]}}