{"id":58564,"date":"2020-05-17T20:08:55","date_gmt":"2020-05-17T18:08:55","guid":{"rendered":"https:\/\/prizrenpost.com\/al\/?p=58564"},"modified":"2021-06-25T16:16:39","modified_gmt":"2021-06-25T14:16:39","slug":"basha-beri-thirrje-per-protesta-te-menjehershme","status":"publish","type":"post","link":"https:\/\/prizrenpost.com\/al\/basha-beri-thirrje-per-protesta-te-menjehershme\/","title":{"rendered":"Basha b\u00ebri thirrje p\u00ebr protesta t\u00eb menj\u00ebhershme"},"content":{"rendered":"<p><img decoding=\"async\" src=\"https:\/\/prizrenpost.com\/al\/wp-content\/uploads\/2020\/05\/rama-e-basha.jpg\" alt=\"\" width=\"100%\" height=\"\" class=\"alignleft size-full wp-image-58565\" srcset=\"https:\/\/prizrenpost.com\/al\/wp-content\/uploads\/2020\/05\/rama-e-basha.jpg 1560w, https:\/\/prizrenpost.com\/al\/wp-content\/uploads\/2020\/05\/rama-e-basha-300x146.jpg 300w, https:\/\/prizrenpost.com\/al\/wp-content\/uploads\/2020\/05\/rama-e-basha-1024x499.jpg 1024w, https:\/\/prizrenpost.com\/al\/wp-content\/uploads\/2020\/05\/rama-e-basha-768x374.jpg 768w, https:\/\/prizrenpost.com\/al\/wp-content\/uploads\/2020\/05\/rama-e-basha-1536x748.jpg 1536w\" sizes=\"(max-width: 1560px) 100vw, 1560px\" \/><\/p>\n<p><strong>TIRAN\u00cb &#8211; N\u00eb 3 vjetorin e marr\u00ebveshjes politike me kryetarit socialist, Lulzim Basha rip\u00ebrs\u00ebriti meaculpan bashk\u00eb me zotimin se mes tij dhe Edi Ram\u00ebs nuk do kishte nj\u00eb 17 maj t\u00eb dyt\u00eb.<\/strong><\/p>\n<p>Basha:<\/p>\n<p>Opozita e bashkuar i rikthehet protestave, si fillim lokale p\u00ebr t\u00eb kulmuar n\u00eb mbar\u00ebpopullore. Formati i tyre do ndikohet nga pandemia e CoVid-19, nd\u00ebrsa sfidohet edhe gjendja e jasht\u00ebzakonshme e cila ndalon grumbullimet deri m\u00eb 23 qershor .<\/p>\n<p>M\u00eb e ashp\u00ebr n\u00eb reagim ishte Monika Kryemadhi, e cila i beri thirrje qytetar\u00ebve p\u00ebr mosbindje civile.<\/p>\n<p>Monika:<\/p>\n<p>Krahas toneve luftarake, plani i opozit\u00ebs \u00ebsht\u00eb rikthimi n\u00eb pushtet p\u00ebrmes vot\u00ebs.<\/p>\n<p>Basha:<\/p>\n<p>Edhe pse teatri komb\u00ebtar u rrafshua, Lulzim Basha premtoi se me rikthimin n\u00eb pushtet do e restauroj\u00eb. P\u00ebr autor\u00ebt e shembjes duke nisur nga Edi Rama, paralajm\u00ebroi nd\u00ebshkim, njofton TCH.<\/p>\n","protected":false},"excerpt":{"rendered":"<p>TIRAN\u00cb &#8211; N\u00eb 3 vjetorin e marr\u00ebveshjes politike me kryetarit socialist, Lulzim Basha rip\u00ebrs\u00ebriti meaculpan bashk\u00eb me zotimin se mes tij dhe Edi Ram\u00ebs nuk do kishte nj\u00eb 17 maj t\u00eb dyt\u00eb. Basha: Opozita e bashkuar i rikthehet protestave, si fillim lokale p\u00ebr t\u00eb kulmuar n\u00eb mbar\u00ebpopullore. Formati i tyre do ndikohet nga pandemia e [&hellip;]<\/p>\n","protected":false},"author":1,"featured_media":58565,"comment_status":"open","ping_status":"open","sticky":false,"template":"","format":"standard","meta":{"footnotes":""},"categories":[1],"tags":[1047,697,872,52],"class_list":["post-58564","post","type-post","status-publish","format-standard","has-post-thumbnail","hentry","category-lajme","tag-lulzim-basha","tag-opozita","tag-protesta","tag-shqiperi"],"_links":{"self":[{"href":"https:\/\/prizrenpost.com\/al\/wp-json\/wp\/v2\/posts\/58564","targetHints":{"allow":["GET"]}}],"collection":[{"href":"https:\/\/prizrenpost.com\/al\/wp-json\/wp\/v2\/posts"}],"about":[{"href":"https:\/\/prizrenpost.com\/al\/wp-json\/wp\/v2\/types\/post"}],"author":[{"embeddable":true,"href":"https:\/\/prizrenpost.com\/al\/wp-json\/wp\/v2\/users\/1"}],"replies":[{"embeddable":true,"href":"https:\/\/prizrenpost.com\/al\/wp-json\/wp\/v2\/comments?post=58564"}],"version-history":[{"count":2,"href":"https:\/\/prizrenpost.com\/al\/wp-json\/wp\/v2\/posts\/58564\/revisions"}],"predecessor-version":[{"id":58567,"href":"https:\/\/prizrenpost.com\/al\/wp-json\/wp\/v2\/posts\/58564\/revisions\/58567"}],"wp:featuredmedia":[{"embeddable":true,"href":"https:\/\/prizrenpost.com\/al\/wp-json\/wp\/v2\/media\/58565"}],"wp:attachment":[{"href":"https:\/\/prizrenpost.com\/al\/wp-json\/wp\/v2\/media?parent=58564"}],"wp:term":[{"taxonomy":"category","embeddable":true,"href":"https:\/\/prizrenpost.com\/al\/wp-json\/wp\/v2\/categories?post=58564"},{"taxonomy":"post_tag","embeddable":true,"href":"https:\/\/prizrenpost.com\/al\/wp-json\/wp\/v2\/tags?post=58564"}],"curies":[{"name":"wp","href":"https:\/\/api.w.org\/{rel}","templated":true}]}}