{"id":58694,"date":"2020-05-22T21:19:46","date_gmt":"2020-05-22T19:19:46","guid":{"rendered":"https:\/\/prizrenpost.com\/al\/?p=58694"},"modified":"2021-06-25T16:16:39","modified_gmt":"2021-06-25T14:16:39","slug":"polonia-dergoi-ndihme-mjekesore-per-kosoven-ne-pergjigje-te-pandemise-globale","status":"publish","type":"post","link":"https:\/\/prizrenpost.com\/al\/polonia-dergoi-ndihme-mjekesore-per-kosoven-ne-pergjigje-te-pandemise-globale\/","title":{"rendered":"Polonia d\u00ebrgoi ndihm\u00eb mjek\u00ebsore p\u00ebr Kosov\u00ebn n\u00eb p\u00ebrgjigje t\u00eb pandemis\u00eb globale"},"content":{"rendered":"<p><img decoding=\"async\" src=\"https:\/\/prizrenpost.com\/al\/wp-content\/uploads\/2020\/05\/ndihma-polake.jpg\" alt=\"\" width=\"100%\" height=\"\" class=\"alignleft size-full wp-image-58695\" srcset=\"https:\/\/prizrenpost.com\/al\/wp-content\/uploads\/2020\/05\/ndihma-polake.jpg 960w, https:\/\/prizrenpost.com\/al\/wp-content\/uploads\/2020\/05\/ndihma-polake-300x170.jpg 300w, https:\/\/prizrenpost.com\/al\/wp-content\/uploads\/2020\/05\/ndihma-polake-768x436.jpg 768w\" sizes=\"(max-width: 960px) 100vw, 960px\" \/><\/p>\n<p><strong>PRISHTIN\u00cb &#8211; Kontigjenti ushtarak polak q\u00eb operon me Forc\u00ebn e Kosov\u00ebs t\u00eb udh\u00ebhequr nga NATO (KFOR) ka shp\u00ebrndar\u00eb pajisje sanitare dhe mbrojt\u00ebse personale n\u00eb Institucionet Sh\u00ebndet\u00ebsore n\u00eb Kosov\u00eb, si pjes\u00eb e p\u00ebrgjigjes s\u00eb Aleat\u00ebve t\u00eb NATO-s ndaj pandemis\u00eb COVID-19.<\/strong> <\/p>\n<p>Ky dor\u00ebzim p\u00ebrfaq\u00ebsonte nj\u00eb donacion nga zyra e Presidentit t\u00eb Republik\u00ebs s\u00eb Polonis\u00eb. P\u00ebrfshiu 50,000 maska p\u00ebr fytyr\u00ebn dhe 1000 litra l\u00ebng dezinfektues q\u00eb u transportuan n\u00eb 18 maj, me nj\u00eb aeroplan transporti C-295M t\u00eb Casa t\u00eb Forcave Ajrore Polake.<\/p>\n","protected":false},"excerpt":{"rendered":"<p>PRISHTIN\u00cb &#8211; Kontigjenti ushtarak polak q\u00eb operon me Forc\u00ebn e Kosov\u00ebs t\u00eb udh\u00ebhequr nga NATO (KFOR) ka shp\u00ebrndar\u00eb pajisje sanitare dhe mbrojt\u00ebse personale n\u00eb Institucionet Sh\u00ebndet\u00ebsore n\u00eb Kosov\u00eb, si pjes\u00eb e p\u00ebrgjigjes s\u00eb Aleat\u00ebve t\u00eb NATO-s ndaj pandemis\u00eb COVID-19. Ky dor\u00ebzim p\u00ebrfaq\u00ebsonte nj\u00eb donacion nga zyra e Presidentit t\u00eb Republik\u00ebs s\u00eb Polonis\u00eb. P\u00ebrfshiu 50,000 maska [&hellip;]<\/p>\n","protected":false},"author":1,"featured_media":58695,"comment_status":"open","ping_status":"open","sticky":false,"template":"","format":"standard","meta":{"footnotes":""},"categories":[5],"tags":[5558,1428,287,1051,2439,3930],"class_list":["post-58694","post","type-post","status-publish","format-standard","has-post-thumbnail","hentry","category-shendetesi","tag-coronavirus","tag-kfor","tag-kosova","tag-nato","tag-ndihma-mjekesore","tag-polonia"],"_links":{"self":[{"href":"https:\/\/prizrenpost.com\/al\/wp-json\/wp\/v2\/posts\/58694","targetHints":{"allow":["GET"]}}],"collection":[{"href":"https:\/\/prizrenpost.com\/al\/wp-json\/wp\/v2\/posts"}],"about":[{"href":"https:\/\/prizrenpost.com\/al\/wp-json\/wp\/v2\/types\/post"}],"author":[{"embeddable":true,"href":"https:\/\/prizrenpost.com\/al\/wp-json\/wp\/v2\/users\/1"}],"replies":[{"embeddable":true,"href":"https:\/\/prizrenpost.com\/al\/wp-json\/wp\/v2\/comments?post=58694"}],"version-history":[{"count":1,"href":"https:\/\/prizrenpost.com\/al\/wp-json\/wp\/v2\/posts\/58694\/revisions"}],"predecessor-version":[{"id":58696,"href":"https:\/\/prizrenpost.com\/al\/wp-json\/wp\/v2\/posts\/58694\/revisions\/58696"}],"wp:featuredmedia":[{"embeddable":true,"href":"https:\/\/prizrenpost.com\/al\/wp-json\/wp\/v2\/media\/58695"}],"wp:attachment":[{"href":"https:\/\/prizrenpost.com\/al\/wp-json\/wp\/v2\/media?parent=58694"}],"wp:term":[{"taxonomy":"category","embeddable":true,"href":"https:\/\/prizrenpost.com\/al\/wp-json\/wp\/v2\/categories?post=58694"},{"taxonomy":"post_tag","embeddable":true,"href":"https:\/\/prizrenpost.com\/al\/wp-json\/wp\/v2\/tags?post=58694"}],"curies":[{"name":"wp","href":"https:\/\/api.w.org\/{rel}","templated":true}]}}