{"id":58710,"date":"2020-05-23T17:30:51","date_gmt":"2020-05-23T15:30:51","guid":{"rendered":"https:\/\/prizrenpost.com\/al\/?p=58710"},"modified":"2021-06-25T16:16:38","modified_gmt":"2021-06-25T14:16:38","slug":"la-liga-do-te-kthehet-nga-8-qershori","status":"publish","type":"post","link":"https:\/\/prizrenpost.com\/al\/la-liga-do-te-kthehet-nga-8-qershori\/","title":{"rendered":"La Liga do t\u00eb kthehet nga 8 qershori"},"content":{"rendered":"<p><img decoding=\"async\" src=\"https:\/\/prizrenpost.com\/al\/wp-content\/uploads\/2020\/05\/barcelona.jpg\" alt=\"\" width=\"100%\" height=\"\" class=\"alignleft size-full wp-image-58711\" srcset=\"https:\/\/prizrenpost.com\/al\/wp-content\/uploads\/2020\/05\/barcelona.jpg 1600w, https:\/\/prizrenpost.com\/al\/wp-content\/uploads\/2020\/05\/barcelona-300x169.jpg 300w, https:\/\/prizrenpost.com\/al\/wp-content\/uploads\/2020\/05\/barcelona-1024x576.jpg 1024w, https:\/\/prizrenpost.com\/al\/wp-content\/uploads\/2020\/05\/barcelona-768x432.jpg 768w, https:\/\/prizrenpost.com\/al\/wp-content\/uploads\/2020\/05\/barcelona-1536x864.jpg 1536w\" sizes=\"(max-width: 1600px) 100vw, 1600px\" \/><\/p>\n<p><strong>Liga m\u00eb e lart\u00eb spanjolle do t\u00eb rifilloj\u00eb muajin tjet\u00ebr pasi Kryeministri konfirmoi se kufizimet e bllokimit do t\u00eb hiqen.<\/strong><\/p>\n<p>La Liga do t\u00eb jet\u00eb n\u00eb gjendje t\u00eb rifilloj\u00eb nga java q\u00eb fillon m\u00eb 8 qershor pasi Kryeministri Pedro Sanchez dha drit\u00ebn e gjelb\u00ebr q\u00eb futbolli t\u00eb kthehet.<\/p>\n<p>Top liga spanjolle \u00ebsht\u00eb pezulluar q\u00eb nga muaji Mars, por autoritetet kan\u00eb hulumtuar nj\u00eb m\u00ebnyr\u00eb p\u00ebr t\u00eb p\u00ebrfunduar fushat\u00ebn nd\u00ebrsa pandemia e koronavirusit vazhdon.<\/p>\n<p>Zyrtar\u00ebt e La Lig\u00ebs kan\u00eb qen\u00eb n\u00eb k\u00ebrkim p\u00ebr t\u00eb Premten, 12 qershor si dat\u00ebn n\u00eb t\u00eb cil\u00ebn ata duan q\u00eb t\u00eb kthehet kampionati, dhe ata tani mund t\u00eb shtyjn\u00eb drejt k\u00ebtij objektivi.<\/p>\n<p>Sanchez tha n\u00eb nj\u00eb fjalim para kombit t\u00eb Shtun\u00ebn: &#8220;Spanja ka b\u00ebr\u00eb at\u00eb q\u00eb duhet dhe tani hapen horizonte t\u00eb reja p\u00ebr t\u00eb gjith\u00eb. Ka ardhur koha t\u00eb rifillojn\u00eb shum\u00eb aktivitete t\u00eb p\u00ebrditshme. Nga 8 qershori, La Liga do t\u00eb kthehet n\u00eb futboll.&#8221;<\/p>\n","protected":false},"excerpt":{"rendered":"<p>Liga m\u00eb e lart\u00eb spanjolle do t\u00eb rifilloj\u00eb muajin tjet\u00ebr pasi Kryeministri konfirmoi se kufizimet e bllokimit do t\u00eb hiqen. La Liga do t\u00eb jet\u00eb n\u00eb gjendje t\u00eb rifilloj\u00eb nga java q\u00eb fillon m\u00eb 8 qershor pasi Kryeministri Pedro Sanchez dha drit\u00ebn e gjelb\u00ebr q\u00eb futbolli t\u00eb kthehet. Top liga spanjolle \u00ebsht\u00eb pezulluar q\u00eb nga [&hellip;]<\/p>\n","protected":false},"author":1,"featured_media":58711,"comment_status":"open","ping_status":"open","sticky":false,"template":"","format":"standard","meta":{"footnotes":""},"categories":[7],"tags":[5558,5583,816,1020,1111],"class_list":["post-58710","post","type-post","status-publish","format-standard","has-post-thumbnail","hentry","category-sport","tag-coronavirus","tag-covid19","tag-futboll","tag-la-liga","tag-spanje"],"_links":{"self":[{"href":"https:\/\/prizrenpost.com\/al\/wp-json\/wp\/v2\/posts\/58710","targetHints":{"allow":["GET"]}}],"collection":[{"href":"https:\/\/prizrenpost.com\/al\/wp-json\/wp\/v2\/posts"}],"about":[{"href":"https:\/\/prizrenpost.com\/al\/wp-json\/wp\/v2\/types\/post"}],"author":[{"embeddable":true,"href":"https:\/\/prizrenpost.com\/al\/wp-json\/wp\/v2\/users\/1"}],"replies":[{"embeddable":true,"href":"https:\/\/prizrenpost.com\/al\/wp-json\/wp\/v2\/comments?post=58710"}],"version-history":[{"count":1,"href":"https:\/\/prizrenpost.com\/al\/wp-json\/wp\/v2\/posts\/58710\/revisions"}],"predecessor-version":[{"id":58712,"href":"https:\/\/prizrenpost.com\/al\/wp-json\/wp\/v2\/posts\/58710\/revisions\/58712"}],"wp:featuredmedia":[{"embeddable":true,"href":"https:\/\/prizrenpost.com\/al\/wp-json\/wp\/v2\/media\/58711"}],"wp:attachment":[{"href":"https:\/\/prizrenpost.com\/al\/wp-json\/wp\/v2\/media?parent=58710"}],"wp:term":[{"taxonomy":"category","embeddable":true,"href":"https:\/\/prizrenpost.com\/al\/wp-json\/wp\/v2\/categories?post=58710"},{"taxonomy":"post_tag","embeddable":true,"href":"https:\/\/prizrenpost.com\/al\/wp-json\/wp\/v2\/tags?post=58710"}],"curies":[{"name":"wp","href":"https:\/\/api.w.org\/{rel}","templated":true}]}}