{"id":58713,"date":"2020-05-23T17:38:16","date_gmt":"2020-05-23T15:38:16","guid":{"rendered":"https:\/\/prizrenpost.com\/al\/?p=58713"},"modified":"2021-06-25T16:16:38","modified_gmt":"2021-06-25T14:16:38","slug":"dortmund-mposhti-wolfsburgun-para-derbit-der-klassiker","status":"publish","type":"post","link":"https:\/\/prizrenpost.com\/al\/dortmund-mposhti-wolfsburgun-para-derbit-der-klassiker\/","title":{"rendered":"Dortmund mposhti Wolfsburgun para derbit Der Klassiker"},"content":{"rendered":"<p><img decoding=\"async\" src=\"https:\/\/prizrenpost.com\/al\/wp-content\/uploads\/2020\/05\/dortmund.jpg\" alt=\"\" width=\"100%\" height=\"\" class=\"alignleft size-full wp-image-58714\" srcset=\"https:\/\/prizrenpost.com\/al\/wp-content\/uploads\/2020\/05\/dortmund.jpg 1600w, https:\/\/prizrenpost.com\/al\/wp-content\/uploads\/2020\/05\/dortmund-300x169.jpg 300w, https:\/\/prizrenpost.com\/al\/wp-content\/uploads\/2020\/05\/dortmund-1024x576.jpg 1024w, https:\/\/prizrenpost.com\/al\/wp-content\/uploads\/2020\/05\/dortmund-768x432.jpg 768w, https:\/\/prizrenpost.com\/al\/wp-content\/uploads\/2020\/05\/dortmund-1536x864.jpg 1536w\" sizes=\"(max-width: 1600px) 100vw, 1600px\" \/><\/p>\n<p><strong>Raphael Guerreiro dhe Achraf Hakimi i sh\u00ebnuan golat n\u00eb nj\u00eb tjet\u00ebr fitore t\u00eb r\u00ebnd\u00ebsishme t\u00eb Borussia Dortmund n\u00eb Wolfsburg.<\/strong><\/p>\n<p>Dortmund mbajti nxeht\u00ebsin\u00eb ndaj drejtuesve t\u00eb Bundeslig\u00ebs Bayern Munich p\u00ebrpara Der Klassiker me fitoren 2-0 n\u00eb Wolfsburg.<\/p>\n<p>Nj\u00eb fitore e gjasht\u00eb e drejtp\u00ebrdrejt\u00eb n\u00eb Lig\u00eb p\u00ebr Dortmundin nuk ishte aq mbres\u00ebl\u00ebn\u00ebse sa shtypja e rival\u00ebve t\u00eb Schalke gjat\u00eb fundjav\u00ebs s\u00eb kaluar, por p\u00ebrs\u00ebri i zhvendosi sfiduesit e Lucien Favres n\u00eb nj\u00eb pik\u00eb t\u00eb Bayern para fillimit t\u00eb ndeshjes s\u00eb vonshme mes kampion\u00ebve mbrojt\u00ebs dhe Eintracht Frankfurt.<\/p>\n","protected":false},"excerpt":{"rendered":"<p>Raphael Guerreiro dhe Achraf Hakimi i sh\u00ebnuan golat n\u00eb nj\u00eb tjet\u00ebr fitore t\u00eb r\u00ebnd\u00ebsishme t\u00eb Borussia Dortmund n\u00eb Wolfsburg. Dortmund mbajti nxeht\u00ebsin\u00eb ndaj drejtuesve t\u00eb Bundeslig\u00ebs Bayern Munich p\u00ebrpara Der Klassiker me fitoren 2-0 n\u00eb Wolfsburg. Nj\u00eb fitore e gjasht\u00eb e drejtp\u00ebrdrejt\u00eb n\u00eb Lig\u00eb p\u00ebr Dortmundin nuk ishte aq mbres\u00ebl\u00ebn\u00ebse sa shtypja e rival\u00ebve t\u00eb [&hellip;]<\/p>\n","protected":false},"author":1,"featured_media":58714,"comment_status":"open","ping_status":"open","sticky":false,"template":"","format":"standard","meta":{"footnotes":""},"categories":[7],"tags":[4858,3257,816,1733],"class_list":["post-58713","post","type-post","status-publish","format-standard","has-post-thumbnail","hentry","category-sport","tag-borussia-dortmund","tag-bundesliga","tag-futboll","tag-wolfsburg"],"_links":{"self":[{"href":"https:\/\/prizrenpost.com\/al\/wp-json\/wp\/v2\/posts\/58713","targetHints":{"allow":["GET"]}}],"collection":[{"href":"https:\/\/prizrenpost.com\/al\/wp-json\/wp\/v2\/posts"}],"about":[{"href":"https:\/\/prizrenpost.com\/al\/wp-json\/wp\/v2\/types\/post"}],"author":[{"embeddable":true,"href":"https:\/\/prizrenpost.com\/al\/wp-json\/wp\/v2\/users\/1"}],"replies":[{"embeddable":true,"href":"https:\/\/prizrenpost.com\/al\/wp-json\/wp\/v2\/comments?post=58713"}],"version-history":[{"count":1,"href":"https:\/\/prizrenpost.com\/al\/wp-json\/wp\/v2\/posts\/58713\/revisions"}],"predecessor-version":[{"id":58715,"href":"https:\/\/prizrenpost.com\/al\/wp-json\/wp\/v2\/posts\/58713\/revisions\/58715"}],"wp:featuredmedia":[{"embeddable":true,"href":"https:\/\/prizrenpost.com\/al\/wp-json\/wp\/v2\/media\/58714"}],"wp:attachment":[{"href":"https:\/\/prizrenpost.com\/al\/wp-json\/wp\/v2\/media?parent=58713"}],"wp:term":[{"taxonomy":"category","embeddable":true,"href":"https:\/\/prizrenpost.com\/al\/wp-json\/wp\/v2\/categories?post=58713"},{"taxonomy":"post_tag","embeddable":true,"href":"https:\/\/prizrenpost.com\/al\/wp-json\/wp\/v2\/tags?post=58713"}],"curies":[{"name":"wp","href":"https:\/\/api.w.org\/{rel}","templated":true}]}}