{"id":5872,"date":"2014-03-14T13:39:14","date_gmt":"2014-03-14T12:39:14","guid":{"rendered":"http:\/\/prizrenpost.com\/al\/?p=5872"},"modified":"2021-01-18T11:14:47","modified_gmt":"2021-01-18T10:14:47","slug":"gjermania-kufizon-emigracionin-per-vendet-e-ballkanit","status":"publish","type":"post","link":"https:\/\/prizrenpost.com\/al\/gjermania-kufizon-emigracionin-per-vendet-e-ballkanit\/","title":{"rendered":"Gjermania kufizon emigracionin p\u00ebr vendet e ballkanit"},"content":{"rendered":"<p><img decoding=\"async\" src=\"https:\/\/prizrenpost.com\/al\/wp-content\/uploads\/2014\/03\/emigracioni.jpg\" alt=\"\" width=\"100%\" height=\"\" class=\"alignleft size-full wp-image-62793\" srcset=\"https:\/\/prizrenpost.com\/al\/wp-content\/uploads\/2014\/03\/emigracioni.jpg 700w, https:\/\/prizrenpost.com\/al\/wp-content\/uploads\/2014\/03\/emigracioni-300x169.jpg 300w\" sizes=\"(max-width: 700px) 100vw, 700px\" \/><\/p>\n<p><strong>N\u00eb vitin 2013 n\u00eb Gjermani kan\u00eb ardhur aq shum\u00eb azilk\u00ebrkues sikur nj\u00ebzet vjet m\u00eb par\u00eb. N\u00eb mesin e tyre jan\u00eb shum\u00eb njer\u00ebz nga Ballkani. Por k\u00ebrkesat e tyre p\u00ebr azil jan\u00eb refuzuar pothuajse t\u00eb gjitha. Qeveria federale gjermane tani pritet t\u00eb nd\u00ebrmarr\u00eb masa parandaluese.<\/strong><\/p>\n<p>Nj\u00eb projektligj i ministris\u00eb s\u00eb Brendshme, n\u00eb baz\u00eb t\u00eb nj\u00eb shkrimi t\u00eb gazet\u00ebs &#8220;Ruhr Nachrichten&#8221;, parasheh q\u00eb Shqip\u00ebria, Bosnja-Hercegovina, Maqedonia, Mali i Zi dhe Serbia n\u00eb t\u00eb ardhmen t\u00eb klasifikohen si &#8220;vende t\u00eb sigurta t\u00eb origjin\u00ebs&#8221;. Nj\u00eb rivler\u00ebsim i till\u00eb i mund\u00ebson autoriteteve gjermane q\u00eb k\u00ebrkesat e azilk\u00ebrkuesve nga k\u00ebto vende t&#8217;i refuzoj\u00eb pa pasur nevoj\u00eb p\u00ebr t\u00eb justifikuar vendimin.<\/p>\n<p>P\u00ebrmes k\u00ebtij ligji synohet &#8220;p\u00ebr t&#8217;i dh\u00ebn\u00eb fund m\u00eb shpejt q\u00ebndrimit t\u00eb personave t\u00eb till\u00eb n\u00eb Gjermani&#8221;, citon gazeta nga drafti i projektligjit. Pas refuzimit t\u00eb k\u00ebrkes\u00ebs p\u00ebr azil koha p\u00ebr t\u00eb l\u00ebshuar Gjermanin\u00eb shkurtohet n\u00eb nj\u00eb jav\u00eb, po ashtu shkurtohet edhe koha e ushtrimit t\u00eb ankes\u00ebs. Gjykatat duhet t\u00eb vendosin p\u00ebr nj\u00eb k\u00ebrkes\u00eb &#8220;n\u00eb parim brenda nj\u00eb jave&#8221;. N\u00eb k\u00ebt\u00eb m\u00ebnyr\u00eb &#8220;shkurtohet edhe koha e p\u00ebrfitimit t\u00eb ndihmave sociale&#8221;. &#8220;K\u00ebshtu bie edhe interesimi i k\u00ebtyre njer\u00ebzve p\u00ebr t\u00eb k\u00ebrkuar azil p\u00ebr arsye ekonomike&#8221;, thuhet n\u00eb projekt-ligj.<br \/>\n&#8220;Njer\u00ebzit nga k\u00ebto vende nuk jan\u00eb t\u00eb p\u00ebrndjekur politikisht&#8221;<\/p>\n<p>Regjimi i vizave p\u00ebr Maqedonin\u00eb, Malin e Zi dhe Serbin\u00eb u hoq n\u00eb vitin 2009, p\u00ebr Shqip\u00ebrin\u00eb, Bosnj\u00eb-Hercegovin\u00ebn, nj\u00eb vit m\u00eb von\u00eb. Zyra Federale p\u00ebr Migracion dhe Refugjat\u00eb ka regjistruar n\u00eb vitin e kaluar 22.495 k\u00ebrkesa p\u00ebr azil nga shtetasit e k\u00ebtyre vendeve &#8211; shum\u00eb prej tyre jan\u00eb sinti dhe rom\u00eb. Nga janari deri n\u00eb shkurt 2014, sipas Ministris\u00eb s\u00eb Brendshme jan\u00eb dor\u00ebzuar 6112 k\u00ebrkesa p\u00ebr azil. K\u00ebto p\u00ebrb\u00ebjn\u00eb 26.9 p\u00ebr qind t\u00eb numrit t\u00eb p\u00ebrgjithsh\u00ebm t\u00eb k\u00ebrkesave p\u00ebr azil n\u00eb Gjermani.<\/p>\n<p>Ministri i Brendsh\u00ebm gjerman, Thomas de Maiziere ishte ankuar qysh n\u00eb fillim t\u00eb shkurtit q\u00eb azilk\u00ebrkuesit kryesisht jan\u00eb duke ardhur nga Serbia, Maqedonia dhe Shqip\u00ebria. &#8220;Njer\u00ebzit nga k\u00ebto vende nuk jan\u00eb t\u00eb p\u00ebrndjekur politikisht. K\u00ebrkesat e tyre p\u00ebr azil duhet t\u00eb shqyrtohen shpejt dhe n\u00eb m\u00ebnyr\u00eb t\u00eb qart\u00eb&#8221;, ka th\u00ebn\u00eb politikani i CDU-s\u00eb. \/DW\/<\/p>\n","protected":false},"excerpt":{"rendered":"<p>N\u00eb vitin 2013 n\u00eb Gjermani kan\u00eb ardhur aq shum\u00eb azilk\u00ebrkues sikur nj\u00ebzet vjet m\u00eb par\u00eb. N\u00eb mesin e tyre jan\u00eb shum\u00eb njer\u00ebz nga Ballkani. Por k\u00ebrkesat e tyre p\u00ebr azil jan\u00eb refuzuar pothuajse t\u00eb gjitha. Qeveria federale gjermane tani pritet t\u00eb nd\u00ebrmarr\u00eb masa parandaluese. Nj\u00eb projektligj i ministris\u00eb s\u00eb Brendshme, n\u00eb baz\u00eb t\u00eb nj\u00eb shkrimi [&hellip;]<\/p>\n","protected":false},"author":1,"featured_media":62793,"comment_status":"open","ping_status":"open","sticky":false,"template":"","format":"standard","meta":{"footnotes":""},"categories":[1],"tags":[895,1950,311],"class_list":["post-5872","post","type-post","status-publish","format-standard","has-post-thumbnail","hentry","category-lajme","tag-ballkani","tag-emigrantet","tag-gjermania"],"_links":{"self":[{"href":"https:\/\/prizrenpost.com\/al\/wp-json\/wp\/v2\/posts\/5872","targetHints":{"allow":["GET"]}}],"collection":[{"href":"https:\/\/prizrenpost.com\/al\/wp-json\/wp\/v2\/posts"}],"about":[{"href":"https:\/\/prizrenpost.com\/al\/wp-json\/wp\/v2\/types\/post"}],"author":[{"embeddable":true,"href":"https:\/\/prizrenpost.com\/al\/wp-json\/wp\/v2\/users\/1"}],"replies":[{"embeddable":true,"href":"https:\/\/prizrenpost.com\/al\/wp-json\/wp\/v2\/comments?post=5872"}],"version-history":[{"count":1,"href":"https:\/\/prizrenpost.com\/al\/wp-json\/wp\/v2\/posts\/5872\/revisions"}],"predecessor-version":[{"id":62794,"href":"https:\/\/prizrenpost.com\/al\/wp-json\/wp\/v2\/posts\/5872\/revisions\/62794"}],"wp:featuredmedia":[{"embeddable":true,"href":"https:\/\/prizrenpost.com\/al\/wp-json\/wp\/v2\/media\/62793"}],"wp:attachment":[{"href":"https:\/\/prizrenpost.com\/al\/wp-json\/wp\/v2\/media?parent=5872"}],"wp:term":[{"taxonomy":"category","embeddable":true,"href":"https:\/\/prizrenpost.com\/al\/wp-json\/wp\/v2\/categories?post=5872"},{"taxonomy":"post_tag","embeddable":true,"href":"https:\/\/prizrenpost.com\/al\/wp-json\/wp\/v2\/tags?post=5872"}],"curies":[{"name":"wp","href":"https:\/\/api.w.org\/{rel}","templated":true}]}}