{"id":58771,"date":"2020-06-05T23:51:54","date_gmt":"2020-06-05T21:51:54","guid":{"rendered":"https:\/\/prizrenpost.com\/al\/?p=58771"},"modified":"2021-06-25T16:16:37","modified_gmt":"2021-06-25T14:16:37","slug":"drini-i-bardhe-u-be-me-i-paster-e-me-i-bardhe","status":"publish","type":"post","link":"https:\/\/prizrenpost.com\/al\/drini-i-bardhe-u-be-me-i-paster-e-me-i-bardhe\/","title":{"rendered":"Drini i Bardh\u00eb u b\u00eb m\u00eb i past\u00ebr e m\u00eb i bardh\u00eb!"},"content":{"rendered":"<p><img decoding=\"async\" src=\"https:\/\/prizrenpost.com\/al\/wp-content\/uploads\/2020\/06\/pastrimi.jpg\" alt=\"\" width=\"100%\" height=\"\" class=\"alignleft size-full wp-image-58772\" srcset=\"https:\/\/prizrenpost.com\/al\/wp-content\/uploads\/2020\/06\/pastrimi.jpg 959w, https:\/\/prizrenpost.com\/al\/wp-content\/uploads\/2020\/06\/pastrimi-300x200.jpg 300w, https:\/\/prizrenpost.com\/al\/wp-content\/uploads\/2020\/06\/pastrimi-768x513.jpg 768w\" sizes=\"(max-width: 959px) 100vw, 959px\" \/><\/p>\n<p><strong>PRIZREN &#8211; Sot kryetari i Kuvendit Komunal Mytaher Haskuka n\u00eb bashk\u00ebpunim me Ministrin\u00eb e Ambientit, organizat\u00ebn Let&#8217;s do it Kosova, si dhe organizatat, institucionet dhe shoqatat e tjera, pastruan hap\u00ebsirat p\u00ebrreth bregut t\u00eb liqenit t\u00eb V\u00ebrmic\u00ebs, p\u00ebr nder t\u00eb Dit\u00ebs Bot\u00ebrore t\u00eb Mjedisit.<\/strong><\/p>\n<p>Nga ky aksion u mblodh\u00ebn rreth 500 thas\u00eb mbeturina, p\u00ebrmes vullnetar\u00ebve t\u00eb shumt\u00eb q\u00eb iu bashk\u00ebngjit\u00ebn aksionit t\u00eb pastrimit.<\/p>\n<p>&#8220;Liqeni i V\u00ebrmic\u00ebs, q\u00eb njihet p\u00ebr bukuri t\u00eb rrall\u00eb natyrore, tani u pastrua, por m\u00eb e r\u00ebnd\u00ebsishme se kaq, mbetet mir\u00ebmbajtja e saj.&#8221;, tha Haskuka.<\/p>\n<p>Ai poashtu b\u00ebri thirrje q\u00eb shoq\u00ebria duhet t\u00eb ndjehet p\u00ebrgjegj\u00ebse p\u00ebr ruajtjen dhe mosndotjen e k\u00ebtij liqeni dhe ambientit n\u00eb p\u00ebrgjith\u00ebsi.<\/p>\n","protected":false},"excerpt":{"rendered":"<p>PRIZREN &#8211; Sot kryetari i Kuvendit Komunal Mytaher Haskuka n\u00eb bashk\u00ebpunim me Ministrin\u00eb e Ambientit, organizat\u00ebn Let&#8217;s do it Kosova, si dhe organizatat, institucionet dhe shoqatat e tjera, pastruan hap\u00ebsirat p\u00ebrreth bregut t\u00eb liqenit t\u00eb V\u00ebrmic\u00ebs, p\u00ebr nder t\u00eb Dit\u00ebs Bot\u00ebrore t\u00eb Mjedisit. Nga ky aksion u mblodh\u00ebn rreth 500 thas\u00eb mbeturina, p\u00ebrmes vullnetar\u00ebve t\u00eb [&hellip;]<\/p>\n","protected":false},"author":1,"featured_media":58772,"comment_status":"open","ping_status":"open","sticky":false,"template":"","format":"standard","meta":{"footnotes":""},"categories":[22],"tags":[5608,5609,3704,4116,41,5610],"class_list":["post-58771","post","type-post","status-publish","format-standard","has-post-thumbnail","hentry","category-prizren","tag-aksion-pastrimi","tag-dita-boterore-e-mjedisit","tag-drini-i-bardhe","tag-mytaher-haskuka","tag-prizren","tag-vermice"],"_links":{"self":[{"href":"https:\/\/prizrenpost.com\/al\/wp-json\/wp\/v2\/posts\/58771","targetHints":{"allow":["GET"]}}],"collection":[{"href":"https:\/\/prizrenpost.com\/al\/wp-json\/wp\/v2\/posts"}],"about":[{"href":"https:\/\/prizrenpost.com\/al\/wp-json\/wp\/v2\/types\/post"}],"author":[{"embeddable":true,"href":"https:\/\/prizrenpost.com\/al\/wp-json\/wp\/v2\/users\/1"}],"replies":[{"embeddable":true,"href":"https:\/\/prizrenpost.com\/al\/wp-json\/wp\/v2\/comments?post=58771"}],"version-history":[{"count":1,"href":"https:\/\/prizrenpost.com\/al\/wp-json\/wp\/v2\/posts\/58771\/revisions"}],"predecessor-version":[{"id":58773,"href":"https:\/\/prizrenpost.com\/al\/wp-json\/wp\/v2\/posts\/58771\/revisions\/58773"}],"wp:featuredmedia":[{"embeddable":true,"href":"https:\/\/prizrenpost.com\/al\/wp-json\/wp\/v2\/media\/58772"}],"wp:attachment":[{"href":"https:\/\/prizrenpost.com\/al\/wp-json\/wp\/v2\/media?parent=58771"}],"wp:term":[{"taxonomy":"category","embeddable":true,"href":"https:\/\/prizrenpost.com\/al\/wp-json\/wp\/v2\/categories?post=58771"},{"taxonomy":"post_tag","embeddable":true,"href":"https:\/\/prizrenpost.com\/al\/wp-json\/wp\/v2\/tags?post=58771"}],"curies":[{"name":"wp","href":"https:\/\/api.w.org\/{rel}","templated":true}]}}