{"id":58851,"date":"2020-06-28T13:46:59","date_gmt":"2020-06-28T11:46:59","guid":{"rendered":"https:\/\/prizrenpost.com\/al\/?p=58851"},"modified":"2021-06-25T16:16:36","modified_gmt":"2021-06-25T14:16:36","slug":"rreth-10-autobuse-nga-beogradi-arrijne-ne-gazimestan","status":"publish","type":"post","link":"https:\/\/prizrenpost.com\/al\/rreth-10-autobuse-nga-beogradi-arrijne-ne-gazimestan\/","title":{"rendered":"Rreth 10 autobus\u00eb nga Beogradi arrijn\u00eb n\u00eb Gazimestan"},"content":{"rendered":"<p><img decoding=\"async\" src=\"https:\/\/prizrenpost.com\/al\/wp-content\/uploads\/2020\/06\/gazimestan.jpg\" alt=\"\" width=\"100%\" height=\"\" class=\"alignleft size-full wp-image-58852\" srcset=\"https:\/\/prizrenpost.com\/al\/wp-content\/uploads\/2020\/06\/gazimestan.jpg 957w, https:\/\/prizrenpost.com\/al\/wp-content\/uploads\/2020\/06\/gazimestan-300x225.jpg 300w, https:\/\/prizrenpost.com\/al\/wp-content\/uploads\/2020\/06\/gazimestan-768x577.jpg 768w\" sizes=\"(max-width: 957px) 100vw, 957px\" \/><\/p>\n<p><strong>OBILIQ &#8211; Grumbullimi i serb\u00ebve n\u00eb Gazimestan t\u00eb Obiliqit \u00ebsht\u00eb duke vazhduar.<\/strong><\/p>\n<p>Tashm\u00eb kan\u00eb arritur edhe rreth 10 autobus\u00eb nga Beogradi p\u00ebr t\u00eb festuar Vidovdanin, njofton Klan Kosova<\/p>\n<p>Autobus\u00ebt erdh\u00ebn n\u00eb p\u00ebrcjelljen e Policis\u00eb s\u00eb Kosov\u00ebs, e cila \u00ebsht\u00eb duke p\u00ebrcjellur ngjarjen qysh nga fillimi.<\/p>\n<p>Kujtojm\u00eb se n\u00eb k\u00ebt\u00eb ceremoni p\u00ebrkujtohet princi serb Car Llazari, q\u00eb kishte vdekur n\u00eb Betej\u00ebn e Kosov\u00eb 627 vite m\u00eb par\u00eb.<\/p>\n","protected":false},"excerpt":{"rendered":"<p>OBILIQ &#8211; Grumbullimi i serb\u00ebve n\u00eb Gazimestan t\u00eb Obiliqit \u00ebsht\u00eb duke vazhduar. Tashm\u00eb kan\u00eb arritur edhe rreth 10 autobus\u00eb nga Beogradi p\u00ebr t\u00eb festuar Vidovdanin, njofton Klan Kosova Autobus\u00ebt erdh\u00ebn n\u00eb p\u00ebrcjelljen e Policis\u00eb s\u00eb Kosov\u00ebs, e cila \u00ebsht\u00eb duke p\u00ebrcjellur ngjarjen qysh nga fillimi. Kujtojm\u00eb se n\u00eb k\u00ebt\u00eb ceremoni p\u00ebrkujtohet princi serb Car Llazari, [&hellip;]<\/p>\n","protected":false},"author":1,"featured_media":58852,"comment_status":"open","ping_status":"open","sticky":false,"template":"","format":"standard","meta":{"footnotes":""},"categories":[1],"tags":[5617,48,3565,1158],"class_list":["post-58851","post","type-post","status-publish","format-standard","has-post-thumbnail","hentry","category-lajme","tag-gazimestan","tag-kosove","tag-obiliq","tag-serbet"],"_links":{"self":[{"href":"https:\/\/prizrenpost.com\/al\/wp-json\/wp\/v2\/posts\/58851","targetHints":{"allow":["GET"]}}],"collection":[{"href":"https:\/\/prizrenpost.com\/al\/wp-json\/wp\/v2\/posts"}],"about":[{"href":"https:\/\/prizrenpost.com\/al\/wp-json\/wp\/v2\/types\/post"}],"author":[{"embeddable":true,"href":"https:\/\/prizrenpost.com\/al\/wp-json\/wp\/v2\/users\/1"}],"replies":[{"embeddable":true,"href":"https:\/\/prizrenpost.com\/al\/wp-json\/wp\/v2\/comments?post=58851"}],"version-history":[{"count":1,"href":"https:\/\/prizrenpost.com\/al\/wp-json\/wp\/v2\/posts\/58851\/revisions"}],"predecessor-version":[{"id":58853,"href":"https:\/\/prizrenpost.com\/al\/wp-json\/wp\/v2\/posts\/58851\/revisions\/58853"}],"wp:featuredmedia":[{"embeddable":true,"href":"https:\/\/prizrenpost.com\/al\/wp-json\/wp\/v2\/media\/58852"}],"wp:attachment":[{"href":"https:\/\/prizrenpost.com\/al\/wp-json\/wp\/v2\/media?parent=58851"}],"wp:term":[{"taxonomy":"category","embeddable":true,"href":"https:\/\/prizrenpost.com\/al\/wp-json\/wp\/v2\/categories?post=58851"},{"taxonomy":"post_tag","embeddable":true,"href":"https:\/\/prizrenpost.com\/al\/wp-json\/wp\/v2\/tags?post=58851"}],"curies":[{"name":"wp","href":"https:\/\/api.w.org\/{rel}","templated":true}]}}