{"id":58857,"date":"2020-06-28T21:51:32","date_gmt":"2020-06-28T19:51:32","guid":{"rendered":"https:\/\/prizrenpost.com\/al\/?p=58857"},"modified":"2021-06-25T16:16:36","modified_gmt":"2021-06-25T14:16:36","slug":"18-vjetorin-e-kthimit-te-familjes-mbreterore-ne-shqiperi","status":"publish","type":"post","link":"https:\/\/prizrenpost.com\/al\/18-vjetorin-e-kthimit-te-familjes-mbreterore-ne-shqiperi\/","title":{"rendered":"18 vjetorin e kthimit t\u00eb Familjes Mbret\u00ebrore n\u00eb Shqip\u00ebri"},"content":{"rendered":"<p><img decoding=\"async\" src=\"https:\/\/prizrenpost.com\/al\/wp-content\/uploads\/2020\/06\/familja-mbreterore.jpg\" alt=\"\" width=\"100%\" height=\"\" class=\"alignleft size-full wp-image-58859\" srcset=\"https:\/\/prizrenpost.com\/al\/wp-content\/uploads\/2020\/06\/familja-mbreterore.jpg 586w, https:\/\/prizrenpost.com\/al\/wp-content\/uploads\/2020\/06\/familja-mbreterore-300x255.jpg 300w\" sizes=\"(max-width: 586px) 100vw, 586px\" \/><\/p>\n<p><strong>TIRAN\u00cb &#8211; Sot kujtojm\u00eb 18 vjetorin e kthimit t\u00eb Familjes Mbret\u00ebrore n\u00eb Shqip\u00ebri, 28 qershor 2002. N\u00eb k\u00ebt\u00eb rast dua t\u00eb falenderoj p\u00ebrzem\u00ebrsisht t\u00eb gjith\u00eb deputet\u00ebt q\u00eb firmos\u00ebn kthimin ton\u00eb, pa dallime politike!!<\/strong><\/p>\n<p>Pas nj\u00eb lobimi t\u00eb fuqish\u00ebm me drejtuesit e partive parlamentare, u arrit nj\u00eb marr\u00ebveshje politike ku kryetar\u00ebt e 9 grupeve parlamentare t\u00eb Kuvendit t\u00eb Shqip\u00ebris\u00eb, m\u00eb 17 qershor 2002, firmos\u00ebn nj\u00eb dokument t\u00eb p\u00ebrbashk\u00ebt, ku nd\u00ebr t\u00eb tjera shkruhej: \u201dDuke respektuar Familjen Mbret\u00ebrore Shqiptare, jemi t\u00eb bindur se respektojm\u00eb themelimin e shtetit modern shqiptar nga Mbreti Zog I. Me kthimin e Familjes Mbret\u00ebrore n\u00eb atdhe, merr fund nj\u00eb padrejt\u00ebsi e shkaktuar nga pushtimi fashist dhe diktatura komuniste\u201d.<\/p>\n<p>Deklarata e grupeve parlamentare u shoq\u00ebrua me k\u00ebrkes\u00ebn e 74 deputet\u00ebve firm\u00ebtar\u00eb (nga 140 q\u00eb kishte Kuvendi), ku k\u00ebrkohej: \u201cNe, deputet\u00ebt e Kuvendit t\u00eb Shqip\u00ebris\u00eb, t\u00eb mb\u00ebshtetur n\u00eb vler\u00ebsimin q\u00eb kemi p\u00ebr historin\u00eb e Shtetit Shqiptar dhe vazhdim\u00ebsin\u00eb e tij juridike, si dhe n\u00eb zhvillimet e sotme demokratike, paraqesim k\u00ebrkes\u00ebn ton\u00eb q\u00eb N\u00ebna Mbret\u00ebresh\u00eb Geraldina dhe Familja Mbret\u00ebrore Shqiptare t\u00eb vijn\u00eb e t\u00eb jetojn\u00eb p\u00ebrgjithmon\u00eb n\u00eb Shqip\u00ebri\u201d.<\/p>\n<p>N\u00eb aeroportin \u201cN\u00ebn\u00eb Tereza\u201d, atmosfera ishte e jasht\u00ebzakonshme &#8211; fest\u00eb komb\u00ebtare. Me flamuj komb\u00ebtar\u00eb dhe t\u00eb Legalitetit, me pankarta n\u00eb duar, me kostume t\u00eb larmishme komb\u00ebtare, n\u00ebn muzik\u00ebn e orkestr\u00ebs frymore dhe asaj popullore, me k\u00ebng\u00eb e valle, t\u00eb pranishmit festonin dhe i uronin mir\u00ebseardhjen Familjes Mbret\u00ebrore n\u00eb atdhe.<\/p>\n<p><img decoding=\"async\" src=\"https:\/\/prizrenpost.com\/al\/wp-content\/uploads\/2020\/06\/fm.jpg\" alt=\"\" width=\"100%\" height=\"\" class=\"alignleft size-full wp-image-58858\" srcset=\"https:\/\/prizrenpost.com\/al\/wp-content\/uploads\/2020\/06\/fm.jpg 960w, https:\/\/prizrenpost.com\/al\/wp-content\/uploads\/2020\/06\/fm-300x116.jpg 300w, https:\/\/prizrenpost.com\/al\/wp-content\/uploads\/2020\/06\/fm-768x297.jpg 768w\" sizes=\"(max-width: 960px) 100vw, 960px\" \/><\/p>\n","protected":false},"excerpt":{"rendered":"<p>TIRAN\u00cb &#8211; Sot kujtojm\u00eb 18 vjetorin e kthimit t\u00eb Familjes Mbret\u00ebrore n\u00eb Shqip\u00ebri, 28 qershor 2002. N\u00eb k\u00ebt\u00eb rast dua t\u00eb falenderoj p\u00ebrzem\u00ebrsisht t\u00eb gjith\u00eb deputet\u00ebt q\u00eb firmos\u00ebn kthimin ton\u00eb, pa dallime politike!! Pas nj\u00eb lobimi t\u00eb fuqish\u00ebm me drejtuesit e partive parlamentare, u arrit nj\u00eb marr\u00ebveshje politike ku kryetar\u00ebt e 9 grupeve parlamentare t\u00eb [&hellip;]<\/p>\n","protected":false},"author":1,"featured_media":58859,"comment_status":"open","ping_status":"open","sticky":false,"template":"","format":"standard","meta":{"footnotes":""},"categories":[1],"tags":[5619,3909,52],"class_list":["post-58857","post","type-post","status-publish","format-standard","has-post-thumbnail","hentry","category-lajme","tag-familja-mbreterore","tag-princ-leka","tag-shqiperi"],"_links":{"self":[{"href":"https:\/\/prizrenpost.com\/al\/wp-json\/wp\/v2\/posts\/58857","targetHints":{"allow":["GET"]}}],"collection":[{"href":"https:\/\/prizrenpost.com\/al\/wp-json\/wp\/v2\/posts"}],"about":[{"href":"https:\/\/prizrenpost.com\/al\/wp-json\/wp\/v2\/types\/post"}],"author":[{"embeddable":true,"href":"https:\/\/prizrenpost.com\/al\/wp-json\/wp\/v2\/users\/1"}],"replies":[{"embeddable":true,"href":"https:\/\/prizrenpost.com\/al\/wp-json\/wp\/v2\/comments?post=58857"}],"version-history":[{"count":1,"href":"https:\/\/prizrenpost.com\/al\/wp-json\/wp\/v2\/posts\/58857\/revisions"}],"predecessor-version":[{"id":58860,"href":"https:\/\/prizrenpost.com\/al\/wp-json\/wp\/v2\/posts\/58857\/revisions\/58860"}],"wp:featuredmedia":[{"embeddable":true,"href":"https:\/\/prizrenpost.com\/al\/wp-json\/wp\/v2\/media\/58859"}],"wp:attachment":[{"href":"https:\/\/prizrenpost.com\/al\/wp-json\/wp\/v2\/media?parent=58857"}],"wp:term":[{"taxonomy":"category","embeddable":true,"href":"https:\/\/prizrenpost.com\/al\/wp-json\/wp\/v2\/categories?post=58857"},{"taxonomy":"post_tag","embeddable":true,"href":"https:\/\/prizrenpost.com\/al\/wp-json\/wp\/v2\/tags?post=58857"}],"curies":[{"name":"wp","href":"https:\/\/api.w.org\/{rel}","templated":true}]}}